{"id":3107,"date":"2023-09-18T07:12:48","date_gmt":"2023-09-18T07:12:48","guid":{"rendered":"https:\/\/www.reprobarcelona.com\/?p=3107"},"modified":"2024-01-22T11:30:32","modified_gmt":"2024-01-22T11:30:32","slug":"como-llevar-a-cabo-una-reforma-de-cocina-exitosa","status":"publish","type":"post","link":"https:\/\/www.reprobarcelona.com\/ca\/com-dur-a-terme-una-reforma-de-cuina-reeixida\/","title":{"rendered":"Com dur a terme una reforma de cuina amb \u00e8xit?"},"content":{"rendered":"<div data-elementor-type=\"wp-post\" data-elementor-id=\"3107\" class=\"elementor elementor-3107\" data-elementor-post-type=\"post\">\n\t\t\t\t\t\t<section class=\"elementor-section elementor-top-section elementor-element elementor-element-2ebe373 elementor-section-boxed elementor-section-height-default elementor-section-height-default\" data-id=\"2ebe373\" data-element_type=\"section\" data-e-type=\"section\">\n\t\t\t\t\t\t<div class=\"elementor-container elementor-column-gap-default\">\n\t\t\t\t\t<div class=\"elementor-column elementor-col-100 elementor-top-column elementor-element elementor-element-a51e500\" data-id=\"a51e500\" data-element_type=\"column\" data-e-type=\"column\">\n\t\t\t<div class=\"elementor-widget-wrap elementor-element-populated\">\n\t\t\t\t\t\t<div class=\"elementor-element elementor-element-18df51a elementor-widget elementor-widget-heading\" data-id=\"18df51a\" data-element_type=\"widget\" data-e-type=\"widget\" data-widget_type=\"heading.default\">\n\t\t\t\t<div class=\"elementor-widget-container\">\n\t\t\t\t\t<h1 class=\"elementor-heading-title elementor-size-default\">Reforma de cuina<\/h1>\t\t\t\t<\/div>\n\t\t\t\t<\/div>\n\t\t\t\t<div class=\"elementor-element elementor-element-f6626e4 elementor-widget elementor-widget-text-editor\" data-id=\"f6626e4\" data-element_type=\"widget\" data-e-type=\"widget\" data-widget_type=\"text-editor.default\">\n\t\t\t\t<div class=\"elementor-widget-container\">\n\t\t\t\t\t\t\t\t\t<p>Reformar la cuina \u00e9s una empresa emocionant que pot transformar completament l&#039;aspecte i la funcionalitat d&#039;un dels espais m\u00e9s importants de casa teva. En embarcar-te en aquesta aventura, \u00e9s fonamental considerar una s\u00e8rie d&#039;aspectes clau que garantiran que la teva cuina sigui no nom\u00e9s bella, sin\u00f3 tamb\u00e9 molt funcional. En aquest article, explorarem detalladament els passos essencials que has de seguir en reformar la teva cuina.<\/p>\t\t\t\t\t\t\t\t<\/div>\n\t\t\t\t<\/div>\n\t\t\t\t<div class=\"elementor-element elementor-element-fd72d0a elementor-widget elementor-widget-heading\" data-id=\"fd72d0a\" data-element_type=\"widget\" data-e-type=\"widget\" data-widget_type=\"heading.default\">\n\t\t\t\t<div class=\"elementor-widget-container\">\n\t\t\t\t\t<h2 class=\"elementor-heading-title elementor-size-default\">Planificaci\u00f3 Detallada\n<\/h2>\t\t\t\t<\/div>\n\t\t\t\t<\/div>\n\t\t\t\t<div class=\"elementor-element elementor-element-85a010a elementor-widget elementor-widget-text-editor\" data-id=\"85a010a\" data-element_type=\"widget\" data-e-type=\"widget\" data-widget_type=\"text-editor.default\">\n\t\t\t\t<div class=\"elementor-widget-container\">\n\t\t\t\t\t\t\t\t\t<p>Abans de submergir-te en el proc\u00e9s de reforma de cuina, \u00e9s essencial que tinguis una visi\u00f3 clara dels teus objectius i necessitats. Aix\u00f2 \u00e9s el que pots fer:<\/p><ol><li><p><strong>Renovaci\u00f3 de les instal\u00b7lacions<\/strong>: Avalua l&#039;estat de les instal\u00b7lacions de la teva cuina, com fontaneria i cablejat el\u00e8ctric. Assegureu-vos que estiguin en bones condicions o planifiqueu-ne la renovaci\u00f3 si \u00e9s necessari.<\/p><\/li><li><p><strong>Distribuci\u00f3 i col\u00b7locaci\u00f3 dels mobles<\/strong>: Pensa en com vols distribuir els mobles a la teva nova cuina. Considera la disposici\u00f3 dels armaris, els electrodom\u00e8stics i les \u00e0rees de treball. Aqu\u00ed \u00e9s on podeu comen\u00e7ar a integrar les solucions que ofereix REPROBARCELONA per a una cuina moderna i funcional.<\/p><\/li><li><p><strong>Tipus i mida d&#039;electrodom\u00e8stics<\/strong>: Decideix quins electrodom\u00e8stics necessites i la seva ubicaci\u00f3 a la cuina. Opta per electrodom\u00e8stics que s&#039;ajustin al teu estil de vida i estalvi\u00efn espai quan sigui possible.<\/p><\/li><li><p><strong>Capacitat d&#039;emmagatzematge<\/strong>: Avalua les necessitats d&#039;emmagatzematge i planifica armaris i calaixos que maximitzin l&#039;espai disponible. REPROBARCELONA ofereix solucions intel\u00b7ligents d&#039;emmagatzematge que es poden adaptar a les teves necessitats espec\u00edfiques.<\/p><\/li><li><p><strong>Comoditat i mobilitat<\/strong>: Pensa en la comoditat i la mobilitat dins de la cuina. Considera la dist\u00e0ncia entre les \u00e0rees de cocci\u00f3, preparaci\u00f3 i rentat, i assegura&#039;t que hi hagi prou espai per moure&#039;t amb comoditat.<\/p><\/li><li><p><strong>Il\u00b7luminaci\u00f3, ventilaci\u00f3 i seguretat<\/strong>: La il\u00b7luminaci\u00f3 adequada \u00e9s essencial en una reforma de cuina. Planifica una combinaci\u00f3 d&#039;il\u00b7luminaci\u00f3 ambiental i de treball per garantir una \u00f2ptima visibilitat. A m\u00e9s, assegura&#039;t de tenir una bona ventilaci\u00f3 per eliminar olors i fums de cocci\u00f3. La seguretat tamb\u00e9 \u00e9s fonamental; considera la ubicaci\u00f3 d&#039;endolls i de preses d&#039;aigua per minimitzar riscos.<\/p><\/li><li><p><strong>Materials i qualitats<\/strong>: L&#039;elecci\u00f3 de materials duradors i d&#039;alta qualitat \u00e9s essencial per a una cuina que perduri amb el temps. Materials com el granit, l&#039;acer inoxidable i el quars s\u00f3n opcions populars per taulells, mentre que els terres de cer\u00e0mica o vinil poden resistir el desgast diari.<\/p><\/li><\/ol>\t\t\t\t\t\t\t\t<\/div>\n\t\t\t\t<\/div>\n\t\t\t\t<div class=\"elementor-element elementor-element-c3b575b elementor-widget elementor-widget-heading\" data-id=\"c3b575b\" data-element_type=\"widget\" data-e-type=\"widget\" data-widget_type=\"heading.default\">\n\t\t\t\t<div class=\"elementor-widget-container\">\n\t\t\t\t\t<h2 class=\"elementor-heading-title elementor-size-default\">Planificaci\u00f3 Correcta de la reforma de cuina\n<\/h2>\t\t\t\t<\/div>\n\t\t\t\t<\/div>\n\t\t\t\t<div class=\"elementor-element elementor-element-29f38be elementor-widget elementor-widget-text-editor\" data-id=\"29f38be\" data-element_type=\"widget\" data-e-type=\"widget\" data-widget_type=\"text-editor.default\">\n\t\t\t\t<div class=\"elementor-widget-container\">\n\t\t\t\t\t\t\t\t\t<p>Quan hagis definit els teus objectius i necessitats, \u00e9s el moment de dur a terme una planificaci\u00f3 detallada. Aix\u00f2 implica:<\/p><ul><li>Obtenir mesures precises de la teva cuina existent.<\/li><li>Crear un pl\u00e0nol de planta que inclogui la distribuci\u00f3 de parets, mobiliari, electrodom\u00e8stics i sistemes el\u00e8ctrics i de fontaneria.<\/li><li>Considerar la disposici\u00f3 dels mobles: a cuines estretes, \u00e9s convenient col\u00b7locar els mobles en un sol front, mentre que en espais m\u00e9s amplis, pots optar per una disposici\u00f3 a \u00abL\u00bb o fins i tot a \u00abU\u00bb. Les illes s\u00f3n \u00fatils per aprofitar lespai central.<\/li><li>Assegureu-vos que els armaris superiors estiguin a l&#039;al\u00e7ada adequada i que hi hagi prou espai entre el taulell i els armaris superiors.<\/li><li>Garantir una al\u00e7ada c\u00f2moda del taulell i un espai adequat al voltant de les \u00e0rees de cocci\u00f3 i rentat per cuinar amb comoditat.<\/li><\/ul><p>La planificaci\u00f3 detallada \u00e9s essencial per garantir que cada element de la teva reforma de cuina encaixi perfectament i compleixi les teves expectatives.<\/p>\t\t\t\t\t\t\t\t<\/div>\n\t\t\t\t<\/div>\n\t\t\t\t<div class=\"elementor-element elementor-element-6225868 elementor-widget elementor-widget-heading\" data-id=\"6225868\" data-element_type=\"widget\" data-e-type=\"widget\" data-widget_type=\"heading.default\">\n\t\t\t\t<div class=\"elementor-widget-container\">\n\t\t\t\t\t<h2 class=\"elementor-heading-title elementor-size-default\">Triar els Materials Adequats\n\n<\/h2>\t\t\t\t<\/div>\n\t\t\t\t<\/div>\n\t\t\t\t<div class=\"elementor-element elementor-element-7d555d7 elementor-widget elementor-widget-text-editor\" data-id=\"7d555d7\" data-element_type=\"widget\" data-e-type=\"widget\" data-widget_type=\"text-editor.default\">\n\t\t\t\t<div class=\"elementor-widget-container\">\n\t\t\t\t\t\t\t\t\t<p>L\u00b4elecci\u00f3 dels materials \u00e9s un dels aspectes m\u00e9s cr\u00edtics de la reforma de la cuina. Els materials han de ser duradors i resistents a la calor, la humitat i el desgast diari. Algunes opcions populars inclouen:<\/p><ul><li><p><strong>Taulells de granit, acer inoxidable o quars<\/strong>: Aquests materials s\u00f3n duradors i f\u00e0cils de netejar, la qual cosa els converteix en excel\u00b7lents opcions per a superf\u00edcies de treball.<\/p><\/li><li><p><strong>S\u00f2ls de cer\u00e0mica o vinil<\/strong>: Aquests terres s\u00f3n resistents i f\u00e0cils de mantenir, el que \u00e9s ideal per a una cuina amb molt de tr\u00e0nsit.<\/p><\/li><li><p><strong>Mobles de cuina amb acabats laminats o lacats<\/strong>: Aquests acabats s\u00f3n atractius i resistents a les ratllades i taques.<\/p><\/li><li><p><strong>Aixetes i accessoris d&#039;alta qualitat<\/strong>: No subestimis la import\u00e0ncia d&#039;escollir aixetes i accessoris d&#039;alta qualitat que resisteixin l&#039;\u00fas constant.<\/p><\/li><\/ul>\t\t\t\t\t\t\t\t<\/div>\n\t\t\t\t<\/div>\n\t\t\t\t<div class=\"elementor-element elementor-element-01b20e7 elementor-cta--skin-classic elementor-animated-content elementor-bg-transform elementor-bg-transform-zoom-in elementor-widget elementor-widget-call-to-action\" data-id=\"01b20e7\" data-element_type=\"widget\" data-e-type=\"widget\" data-widget_type=\"call-to-action.default\">\n\t\t\t\t<div class=\"elementor-widget-container\">\n\t\t\t\t\t\t\t<div class=\"elementor-cta\">\n\t\t\t\t\t<div class=\"elementor-cta__bg-wrapper\">\n\t\t\t\t<div class=\"elementor-cta__bg elementor-bg\" style=\"background-image: url(https:\/\/www.reprobarcelona.com\/wp-content\/uploads\/2023\/09\/LOGO-LONA-copia-1.jpg);\" role=\"img\" aria-label=\"Reprobarcelona\"><\/div>\n\t\t\t\t<div class=\"elementor-cta__bg-overlay\"><\/div>\n\t\t\t<\/div>\n\t\t\t\t\t\t\t<div class=\"elementor-cta__content\">\n\t\t\t\t\n\t\t\t\t\t\t\t\t\t<h2 class=\"elementor-cta__title elementor-cta__content-item elementor-content-item\">\n\t\t\t\t\t\tDemana el teu pressupost gratu\u00eft amb ReproBarcelona\t\t\t\t\t<\/h2>\n\t\t\t\t\n\t\t\t\t\t\t\t\t\t<div class=\"elementor-cta__description elementor-cta__content-item elementor-content-item\">\n\t\t\t\t\t\tSi somies amb la reforma de bany perfecta, confia a ReproBarcelona, la marca l\u00edder en reformes a Espanya. Oferim un estricte compliment de terminis, amb els millors materials i acabats. Demana el teu pressupost aqu\u00ed.\t\t\t\t\t<\/div>\n\t\t\t\t\n\t\t\t\t\t\t\t\t\t<div class=\"elementor-cta__button-wrapper elementor-cta__content-item elementor-content-item\">\n\t\t\t\t\t<a class=\"elementor-cta__button elementor-button elementor-size-\" href=\"https:\/\/www.reprobarcelona.com\/ca\/contacte-reprobarcelona-2\/\">\n\t\t\t\t\t\tFes clic aqu\u00ed\t\t\t\t\t<\/a>\n\t\t\t\t\t<\/div>\n\t\t\t\t\t\t\t<\/div>\n\t\t\t\t\t\t<\/div>\n\t\t\t\t\t\t<\/div>\n\t\t\t\t<\/div>\n\t\t\t\t<div class=\"elementor-element elementor-element-c244f2e elementor-widget elementor-widget-heading\" data-id=\"c244f2e\" data-element_type=\"widget\" data-e-type=\"widget\" data-widget_type=\"heading.default\">\n\t\t\t\t<div class=\"elementor-widget-container\">\n\t\t\t\t\t<h2 class=\"elementor-heading-title elementor-size-default\">Ventilaci\u00f3 Adequada\n<\/h2>\t\t\t\t<\/div>\n\t\t\t\t<\/div>\n\t\t\t\t<div class=\"elementor-element elementor-element-93e661a elementor-widget elementor-widget-text-editor\" data-id=\"93e661a\" data-element_type=\"widget\" data-e-type=\"widget\" data-widget_type=\"text-editor.default\">\n\t\t\t\t<div class=\"elementor-widget-container\">\n\t\t\t\t\t\t\t\t\t<p>La ventilaci\u00f3 \u00e9s fonamental en una cuina per mantenir un ambient saludable i lliure d&#039;olors i de fums. Assegureu-vos que la vostra cuina estigui equipada amb una campana extractora de fums eficient que compti amb un sistema d&#039;extracci\u00f3 i filtrat adequat. A m\u00e9s, considera la ventilaci\u00f3 natural a trav\u00e9s de finestres o, si escau, la instal\u00b7laci\u00f3 d&#039;un sistema de ventilaci\u00f3 mec\u00e0nica.<\/p>\t\t\t\t\t\t\t\t<\/div>\n\t\t\t\t<\/div>\n\t\t\t\t<div class=\"elementor-element elementor-element-4e76c6a elementor-widget elementor-widget-heading\" data-id=\"4e76c6a\" data-element_type=\"widget\" data-e-type=\"widget\" data-widget_type=\"heading.default\">\n\t\t\t\t<div class=\"elementor-widget-container\">\n\t\t\t\t\t<h2 class=\"elementor-heading-title elementor-size-default\">Ventilaci\u00f3 Adequada\n<\/h2>\t\t\t\t<\/div>\n\t\t\t\t<\/div>\n\t\t\t\t<div class=\"elementor-element elementor-element-f5578b9 elementor-widget elementor-widget-text-editor\" data-id=\"f5578b9\" data-element_type=\"widget\" data-e-type=\"widget\" data-widget_type=\"text-editor.default\">\n\t\t\t\t<div class=\"elementor-widget-container\">\n\t\t\t\t\t\t\t\t\t<p>En una cuina, lespai \u00e9s un recurs valu\u00f3s. Has d&#039;aprofitar-ho al m\u00e0xim per aconseguir una distribuci\u00f3 funcional. Aqu\u00ed hi ha algunes estrat\u00e8gies que pots considerar:<\/p><ul><li><p><strong>Solucions d&#039;emmagatzematge intel\u00b7ligents<\/strong>: Els armaris amb organitzadors interns, calaixos extra\u00efbles i prestatges ajustables poden maximitzar lespai demmagatzematge i mantenir la cuina organitzada.<\/p><\/li><li><p><strong>Optimitzaci\u00f3 de lespai de circulaci\u00f3<\/strong>: Assegureu-vos que hi hagi prou espai per moure&#039;t c\u00f2modament entre les diferents \u00e0rees de la cuina. Mantingues un flux eficient entre les zones de cocci\u00f3, preparaci\u00f3 i rentat.<\/p><\/li><\/ul><p>En resum, la reforma d&#039;una cuina \u00e9s un emocionant projecte que requereix una planificaci\u00f3 acurada i l&#039;elecci\u00f3 dels materials adequats. Considereu cada detall, des de la distribuci\u00f3 dels mobles fins a l&#039;elecci\u00f3 dels materials i la ventilaci\u00f3. Aprofiteu al m\u00e0xim l&#039;espai disponible i busqueu solucions que s&#039;adaptin a les vostres necessitats espec\u00edfiques.<\/p><p>A REPROBARCELONA, entenem la import\u00e0ncia de cadascun d&#039;aquests aspectes i som aqu\u00ed per ajudar-te a assolir la reforma de cuina dels teus somnis. El nostre equip d&#039;experts pot treballar amb tu a cada pas del proc\u00e9s de reforma per garantir que la teva cuina sigui funcional, bella i satisfaci totes les teves expectatives. Contacta&#039;ns avui mateix per obtenir m\u00e9s informaci\u00f3 i comen\u00e7ar el teu projecte de reforma de cuina. T&#039;ajudarem a convertir la teva visi\u00f3 en realitat!<\/p>\t\t\t\t\t\t\t\t<\/div>\n\t\t\t\t<\/div>\n\t\t\t\t<div class=\"elementor-element elementor-element-feddc77 elementor-widget elementor-widget-heading\" data-id=\"feddc77\" data-element_type=\"widget\" data-e-type=\"widget\" data-widget_type=\"heading.default\">\n\t\t\t\t<div class=\"elementor-widget-container\">\n\t\t\t\t\t<h2 class=\"elementor-heading-title elementor-size-default\">Conclusions Finals\n\n<\/h2>\t\t\t\t<\/div>\n\t\t\t\t<\/div>\n\t\t\t\t<div class=\"elementor-element elementor-element-afbc374 elementor-widget elementor-widget-text-editor\" data-id=\"afbc374\" data-element_type=\"widget\" data-e-type=\"widget\" data-widget_type=\"text-editor.default\">\n\t\t\t\t<div class=\"elementor-widget-container\">\n\t\t\t\t\t\t\t\t\t<div class=\"group w-full text-token-text-primary border-b border-black\/10 dark:border-gray-900\/50 bg-gray-50 dark:bg-[#444654]\" data-testid=\"conversation-turn-7\"><div class=\"p-4 justify-center text-base md:gap-6 md:py-6 m-auto\"><div class=\"flex flex-1 gap-4 text-base mx-auto md:gap-6 md:max-w-2xl lg:max-w-[38rem] xl:max-w-3xl }\"><div class=\"relative flex w-[calc(100%-50px)] flex-col gap-1 md:gap-3 lg:w-[calc(100%-115px)]\"><div class=\"flex flex-grow flex-col gap-3 max-w-full\"><div class=\"flex flex-col items-start gap-3 overflow-x-auto whitespace-pre-wrap break-words\"><div class=\"markdown prose w-full break-words dark:prose-invert light\"><p>En conclusi\u00f3, reformar la teva cuina \u00e9s una empresa emocionant que pot millorar significativament casa teva. Tot i aix\u00f2, per aconseguir una reforma reeixida, \u00e9s fonamental seguir una planificaci\u00f3 detallada, triar els materials adequats, garantir una ventilaci\u00f3 adequada i aprofitar al m\u00e0xim l&#039;espai disponible. En considerar aquests aspectes i treballar amb professionals experts com REPROBARCELONA, pots transformar la teva cuina en un espai funcional i bonic que s&#039;adapti a les teves necessitats i estil de vida. No esperis m\u00e9s i comen\u00e7a el teu projecte de reforma de cuina avui mateix!<\/p><\/div><\/div><\/div><\/div><\/div><\/div><\/div>\t\t\t\t\t\t\t\t<\/div>\n\t\t\t\t<\/div>\n\t\t\t\t<div class=\"elementor-element elementor-element-865988a elementor-widget elementor-widget-image\" data-id=\"865988a\" data-element_type=\"widget\" data-e-type=\"widget\" data-widget_type=\"image.default\">\n\t\t\t\t<div class=\"elementor-widget-container\">\n\t\t\t\t\t\t\t\t\t\t\t\t\t\t\t<img decoding=\"async\" width=\"1\" height=\"1\" src=\"https:\/\/www.reprobarcelona.com\/wp-content\/uploads\/2023\/06\/IMG-20230220-WA0001.avif\" class=\"attachment-large size-large wp-image-1847\" alt=\"reforma de cuina\" \/>\t\t\t\t\t\t\t\t\t\t\t\t\t\t\t<\/div>\n\t\t\t\t<\/div>\n\t\t\t\t\t<\/div>\n\t\t<\/div>\n\t\t\t\t\t<\/div>\n\t\t<\/section>\n\t\t\t\t<section class=\"elementor-section elementor-top-section elementor-element elementor-element-da699c9 elementor-section-boxed elementor-section-height-default elementor-section-height-default\" data-id=\"da699c9\" data-element_type=\"section\" data-e-type=\"section\">\n\t\t\t\t\t\t<div class=\"elementor-container elementor-column-gap-default\">\n\t\t\t\t\t<div class=\"elementor-column elementor-col-33 elementor-top-column elementor-element elementor-element-ad572e2\" data-id=\"ad572e2\" data-element_type=\"column\" data-e-type=\"column\">\n\t\t\t<div class=\"elementor-widget-wrap elementor-element-populated\">\n\t\t\t\t\t\t<div class=\"elementor-element elementor-element-11a6e6c elementor-widget elementor-widget-image\" data-id=\"11a6e6c\" data-element_type=\"widget\" data-e-type=\"widget\" data-widget_type=\"image.default\">\n\t\t\t\t<div class=\"elementor-widget-container\">\n\t\t\t\t\t\t\t\t\t\t\t\t\t\t\t\t<a href=\"https:\/\/consum.gencat.cat\/\" target=\"_blank\" rel=\"noopener\">\n\t\t\t\t\t\t\t<img fetchpriority=\"high\" decoding=\"async\" width=\"409\" height=\"123\" src=\"https:\/\/www.reprobarcelona.com\/wp-content\/uploads\/2023\/06\/junta-arbitral-de-consum.jpg\" class=\"attachment-large size-large wp-image-3227\" alt=\"JUNTA ARBRITRAL DE CONSUM\" srcset=\"https:\/\/www.reprobarcelona.com\/wp-content\/uploads\/2023\/06\/junta-arbitral-de-consum.jpg 409w, https:\/\/www.reprobarcelona.com\/wp-content\/uploads\/2023\/06\/junta-arbitral-de-consum-300x90.jpg 300w\" sizes=\"(max-width: 409px) 100vw, 409px\" \/>\t\t\t\t\t\t\t\t<\/a>\n\t\t\t\t\t\t\t\t\t\t\t\t\t\t\t<\/div>\n\t\t\t\t<\/div>\n\t\t\t\t\t<\/div>\n\t\t<\/div>\n\t\t\t\t<div class=\"elementor-column elementor-col-33 elementor-top-column elementor-element elementor-element-c9b62ee\" data-id=\"c9b62ee\" data-element_type=\"column\" data-e-type=\"column\">\n\t\t\t<div class=\"elementor-widget-wrap elementor-element-populated\">\n\t\t\t\t\t\t<div class=\"elementor-element elementor-element-560bb11 elementor-widget elementor-widget-image\" data-id=\"560bb11\" data-element_type=\"widget\" data-e-type=\"widget\" data-widget_type=\"image.default\">\n\t\t\t\t<div class=\"elementor-widget-container\">\n\t\t\t\t\t\t\t\t\t\t\t\t\t\t\t\t<a href=\"https:\/\/gestiondelamianto.com\/rera\/\" target=\"_blank\" rel=\"noopener\">\n\t\t\t\t\t\t\t<img decoding=\"async\" width=\"253\" height=\"123\" src=\"https:\/\/www.reprobarcelona.com\/wp-content\/uploads\/2023\/06\/RERA.jpg\" class=\"attachment-large size-large wp-image-3226\" alt=\"RERA\" \/>\t\t\t\t\t\t\t\t<\/a>\n\t\t\t\t\t\t\t\t\t\t\t\t\t\t\t<\/div>\n\t\t\t\t<\/div>\n\t\t\t\t\t<\/div>\n\t\t<\/div>\n\t\t\t\t<div class=\"elementor-column elementor-col-33 elementor-top-column elementor-element elementor-element-920a041\" data-id=\"920a041\" data-element_type=\"column\" data-e-type=\"column\">\n\t\t\t<div class=\"elementor-widget-wrap elementor-element-populated\">\n\t\t\t\t\t\t<div class=\"elementor-element elementor-element-e1b81e4 elementor-widget elementor-widget-image\" data-id=\"e1b81e4\" data-element_type=\"widget\" data-e-type=\"widget\" data-widget_type=\"image.default\">\n\t\t\t\t<div class=\"elementor-widget-container\">\n\t\t\t\t\t\t\t\t\t\t\t\t\t\t\t\t<a href=\"https:\/\/www.tuv.com\/spain\/es\/\" target=\"_blank\" rel=\"noopener\">\n\t\t\t\t\t\t\t<img loading=\"lazy\" decoding=\"async\" width=\"347\" height=\"123\" src=\"https:\/\/www.reprobarcelona.com\/wp-content\/uploads\/2023\/06\/tuv.jpg\" class=\"attachment-large size-large wp-image-3225\" alt=\"TUV\" srcset=\"https:\/\/www.reprobarcelona.com\/wp-content\/uploads\/2023\/06\/tuv.jpg 347w, https:\/\/www.reprobarcelona.com\/wp-content\/uploads\/2023\/06\/tuv-300x106.jpg 300w\" sizes=\"(max-width: 347px) 100vw, 347px\" \/>\t\t\t\t\t\t\t\t<\/a>\n\t\t\t\t\t\t\t\t\t\t\t\t\t\t\t<\/div>\n\t\t\t\t<\/div>\n\t\t\t\t\t<\/div>\n\t\t<\/div>\n\t\t\t\t\t<\/div>\n\t\t<\/section>\n\t\t\t\t<\/div>","protected":false},"excerpt":{"rendered":"<p>Reforma de cuina Reformar la cuina \u00e9s una empresa emocionant que pot transformar completament l&#039;aspecte i la funcionalitat d&#039;un dels espais m\u00e9s importants de casa teva. En embarcar-te en aquesta aventura, \u00e9s fonamental considerar una s\u00e8rie d&#039;aspectes clau que garantiran que la teva cuina sigui no nom\u00e9s bella, sin\u00f3 tamb\u00e9 altament [\u2026]<\/p>","protected":false},"author":1,"featured_media":1847,"comment_status":"open","ping_status":"open","sticky":false,"template":"","format":"standard","meta":{"footnotes":""},"categories":[17],"tags":[],"class_list":["post-3107","post","type-post","status-publish","format-standard","has-post-thumbnail","hentry","category-sin-categoria-es"],"_links":{"self":[{"href":"https:\/\/www.reprobarcelona.com\/ca\/wp-json\/wp\/v2\/posts\/3107","targetHints":{"allow":["GET"]}}],"collection":[{"href":"https:\/\/www.reprobarcelona.com\/ca\/wp-json\/wp\/v2\/posts"}],"about":[{"href":"https:\/\/www.reprobarcelona.com\/ca\/wp-json\/wp\/v2\/types\/post"}],"author":[{"embeddable":true,"href":"https:\/\/www.reprobarcelona.com\/ca\/wp-json\/wp\/v2\/users\/1"}],"replies":[{"embeddable":true,"href":"https:\/\/www.reprobarcelona.com\/ca\/wp-json\/wp\/v2\/comments?post=3107"}],"version-history":[{"count":0,"href":"https:\/\/www.reprobarcelona.com\/ca\/wp-json\/wp\/v2\/posts\/3107\/revisions"}],"wp:featuredmedia":[{"embeddable":true,"href":"https:\/\/www.reprobarcelona.com\/ca\/wp-json\/wp\/v2\/media\/1847"}],"wp:attachment":[{"href":"https:\/\/www.reprobarcelona.com\/ca\/wp-json\/wp\/v2\/media?parent=3107"}],"wp:term":[{"taxonomy":"category","embeddable":true,"href":"https:\/\/www.reprobarcelona.com\/ca\/wp-json\/wp\/v2\/categories?post=3107"},{"taxonomy":"post_tag","embeddable":true,"href":"https:\/\/www.reprobarcelona.com\/ca\/wp-json\/wp\/v2\/tags?post=3107"}],"curies":[{"name":"wp","href":"https:\/\/api.w.org\/{rel}","templated":true}]}}