{"id":3162,"date":"2023-11-17T16:44:11","date_gmt":"2023-11-17T16:44:11","guid":{"rendered":"https:\/\/www.reprobarcelona.com\/?p=3162"},"modified":"2024-01-22T11:55:59","modified_gmt":"2024-01-22T11:55:59","slug":"renova-tu-hogar-con-reprobarcelona","status":"publish","type":"post","link":"https:\/\/www.reprobarcelona.com\/ca\/renova-la-teva-llar-amb-reprobarcelona\/","title":{"rendered":"Renova la teva Llar amb Reprobarcelona"},"content":{"rendered":"<div data-elementor-type=\"wp-post\" data-elementor-id=\"3162\" class=\"elementor elementor-3162\" data-elementor-post-type=\"post\">\n\t\t\t\t\t\t<section class=\"elementor-section elementor-top-section elementor-element elementor-element-2ebe373 elementor-section-boxed elementor-section-height-default elementor-section-height-default\" data-id=\"2ebe373\" data-element_type=\"section\" data-e-type=\"section\">\n\t\t\t\t\t\t<div class=\"elementor-container elementor-column-gap-default\">\n\t\t\t\t\t<div class=\"elementor-column elementor-col-100 elementor-top-column elementor-element elementor-element-a51e500\" data-id=\"a51e500\" data-element_type=\"column\" data-e-type=\"column\">\n\t\t\t<div class=\"elementor-widget-wrap elementor-element-populated\">\n\t\t\t\t\t\t<div class=\"elementor-element elementor-element-f6626e4 elementor-widget elementor-widget-text-editor\" data-id=\"f6626e4\" data-element_type=\"widget\" data-e-type=\"widget\" data-widget_type=\"text-editor.default\">\n\t\t\t\t<div class=\"elementor-widget-container\">\n\t\t\t\t\t\t\t\t\t<h1><strong>Renova la teva Llar: Consells Pr\u00e0ctics per a una Renovaci\u00f3 Impactant<\/strong><\/h1><p>La necessitat de renovar la nostra llar, ja sigui per raons estructurals, est\u00e8tiques o simplement pel desig de canvi, \u00e9s una cosa que experimentem peri\u00f2dicament. La influ\u00e8ncia de tenir una llar al nostre gust no nom\u00e9s es reflecteix a l&#039;est\u00e8tica, sin\u00f3 tamb\u00e9 a la nostra energia i estat d&#039;\u00e0nim. Aqu\u00ed compartim una guia completa per transformar el teu espai de manera efectiva i sense grans costos.<\/p>\t\t\t\t\t\t\t\t<\/div>\n\t\t\t\t<\/div>\n\t\t\t\t<div class=\"elementor-element elementor-element-85a010a elementor-widget elementor-widget-text-editor\" data-id=\"85a010a\" data-element_type=\"widget\" data-e-type=\"widget\" data-widget_type=\"text-editor.default\">\n\t\t\t\t<div class=\"elementor-widget-container\">\n\t\t\t\t\t\t\t\t\t<h2><strong>Cap\u00edtol 1: Renovaci\u00f3 des de la Base amb una Neteja Profunda<\/strong><\/h2><p>La clau per a qualsevol renovaci\u00f3 amb \u00e8xit comen\u00e7a amb una neteja general i profunda. Reorganitzar les teves pertinences, descartar all\u00f2 innecessari i donar el que encara pot ser \u00fatil no nom\u00e9s crea espai addicional, sin\u00f3 que tamb\u00e9 infon una nova energia a casa teva.<\/p><h4><strong>Cap\u00edtol 2: Les Parets Parlen: Canvia el Color, Canvia l&#039;ambient<\/strong><\/h4><p>La neteja, el canvi de pintura o simplement el canvi de color a una paret poden ser transformadors. Accedeix a beneficis especials a pintureries de tot el pa\u00eds.<\/p><h4><strong>Cap\u00edtol 3: Mobles en Moviment: Canvia la Perspectiva del teu Espai<\/strong><\/h4><p>Renova la teva llar canviant la posici\u00f3 dels mobles. La simple reubicaci\u00f3 d&#039;elements de decoraci\u00f3 pot oferir un aspecte completament nou. A m\u00e9s, pots renovar mobles antics o combinar-los amb altres de m\u00e9s moderns.<\/p><p>Aprofita el servei d&#039;armat de mobles i instal\u00b7laci\u00f3 d&#039;electrodom\u00e8stics sense cap cost addicional que oferim.<\/p><h4><strong>Cap\u00edtol 4: Agrega Elements Nous i Refrescants<\/strong><\/h4><p>Incorpora elements nous per donar vida al teu espai. Canvia les fundes dels coixins, afegeix mantes, renova les cortines o introdueix petits detalls com gerros o miralls estrat\u00e8gicament col\u00b7locats per aportar llum i profunditat.<\/p>\t\t\t\t\t\t\t\t<\/div>\n\t\t\t\t<\/div>\n\t\t\t\t<div class=\"elementor-element elementor-element-5ced844 elementor-cta--skin-classic elementor-animated-content elementor-bg-transform elementor-bg-transform-zoom-in elementor-widget elementor-widget-call-to-action\" data-id=\"5ced844\" data-element_type=\"widget\" data-e-type=\"widget\" data-widget_type=\"call-to-action.default\">\n\t\t\t\t<div class=\"elementor-widget-container\">\n\t\t\t\t\t\t\t<div class=\"elementor-cta\">\n\t\t\t\t\t<div class=\"elementor-cta__bg-wrapper\">\n\t\t\t\t<div class=\"elementor-cta__bg elementor-bg\" style=\"background-image: url(https:\/\/www.reprobarcelona.com\/wp-content\/uploads\/2023\/09\/LOGO-LONA-copia-1.jpg);\" role=\"img\" aria-label=\"Reprobarcelona\"><\/div>\n\t\t\t\t<div class=\"elementor-cta__bg-overlay\"><\/div>\n\t\t\t<\/div>\n\t\t\t\t\t\t\t<div class=\"elementor-cta__content\">\n\t\t\t\t\n\t\t\t\t\t\t\t\t\t<h2 class=\"elementor-cta__title elementor-cta__content-item elementor-content-item\">\n\t\t\t\t\t\tDemana el teu pressupost gratu\u00eft amb ReproBarcelona\t\t\t\t\t<\/h2>\n\t\t\t\t\n\t\t\t\t\t\t\t\t\t<div class=\"elementor-cta__description elementor-cta__content-item elementor-content-item\">\n\t\t\t\t\t\tSi somies amb la reforma de bany perfecta, confia a ReproBarcelona, la marca l\u00edder en reformes a Espanya. Oferim un estricte compliment de terminis, amb els millors materials i acabats. Demana el teu pressupost aqu\u00ed.\t\t\t\t\t<\/div>\n\t\t\t\t\n\t\t\t\t\t\t\t\t\t<div class=\"elementor-cta__button-wrapper elementor-cta__content-item elementor-content-item\">\n\t\t\t\t\t<a class=\"elementor-cta__button elementor-button elementor-size-\" href=\"https:\/\/www.reprobarcelona.com\/ca\/contacte-reprobarcelona-2\/\">\n\t\t\t\t\t\tFes clic aqu\u00ed\t\t\t\t\t<\/a>\n\t\t\t\t\t<\/div>\n\t\t\t\t\t\t\t<\/div>\n\t\t\t\t\t\t<\/div>\n\t\t\t\t\t\t<\/div>\n\t\t\t\t<\/div>\n\t\t\t\t<div class=\"elementor-element elementor-element-ac3b70f elementor-widget elementor-widget-text-editor\" data-id=\"ac3b70f\" data-element_type=\"widget\" data-e-type=\"widget\" data-widget_type=\"text-editor.default\">\n\t\t\t\t<div class=\"elementor-widget-container\">\n\t\t\t\t\t\t\t\t\t<h4><strong>Cap\u00edtol 5: Natura a Casa: Plantes i Flors per Canviar l&#039;Energia<\/strong><\/h4><p>Renova la teva llar amb plantes i flors, no nom\u00e9s hi afegeixen color i frescor, sin\u00f3 que tamb\u00e9 transformen l&#039;energia del lloc. Aprofita la lluminositat de la teva llar col\u00b7locant plantes a racons estrat\u00e8gics.<\/p><h4><strong>Cap\u00edtol 6: Il\u00b7luminaci\u00f3 Renovada: Juga amb les Llums<\/strong><\/h4><p>Canvia la percepci\u00f3 de casa teva ajustant la il\u00b7luminaci\u00f3. Descobreix opcions assequibles i variades per adaptar la lluminositat sense necessitat de professionals. Obtingues descomptes exclusius a Il\u00b7luminaria sent client de Reprobarcelona.<\/p><h4><strong>Cap\u00edtol 7: Renovaci\u00f3 Tecnol\u00f2gica per a una Llar Intel\u00b7ligent<\/strong><\/h4><p>Explora les opcions per integrar tecnologia intel\u00b7ligent a casa teva. Des de term\u00f2stats fins a sistemes de seguretat, la tecnologia pot millorar l&#039;efici\u00e8ncia i la comoditat del vostre espai.<\/p><p>Renova la teva llar no ha de ser cost\u00f3s. Amb aquests consells pr\u00e0ctics, podeu transformar el vostre espai de manera efectiva i gaudir d&#039;un ambient renovat. Recordeu que petits canvis poden marcar una gran difer\u00e8ncia.<\/p>\t\t\t\t\t\t\t\t<\/div>\n\t\t\t\t<\/div>\n\t\t\t\t<div class=\"elementor-element elementor-element-425a953 elementor-widget elementor-widget-image\" data-id=\"425a953\" data-element_type=\"widget\" data-e-type=\"widget\" data-widget_type=\"image.default\">\n\t\t\t\t<div class=\"elementor-widget-container\">\n\t\t\t\t\t\t\t\t\t\t\t\t\t\t\t<img fetchpriority=\"high\" decoding=\"async\" width=\"768\" height=\"1024\" src=\"https:\/\/www.reprobarcelona.com\/wp-content\/uploads\/2023\/02\/IMG-20230220-WA0055-1-768x1024.jpg\" class=\"attachment-large size-large wp-image-997\" alt=\"Renova la teva llar\" srcset=\"https:\/\/www.reprobarcelona.com\/wp-content\/uploads\/2023\/02\/IMG-20230220-WA0055-1-768x1024.jpg 768w, https:\/\/www.reprobarcelona.com\/wp-content\/uploads\/2023\/02\/IMG-20230220-WA0055-1-225x300.jpg 225w, https:\/\/www.reprobarcelona.com\/wp-content\/uploads\/2023\/02\/IMG-20230220-WA0055-1-1152x1536.jpg 1152w, https:\/\/www.reprobarcelona.com\/wp-content\/uploads\/2023\/02\/IMG-20230220-WA0055-1.jpg 1536w\" sizes=\"(max-width: 768px) 100vw, 768px\" \/>\t\t\t\t\t\t\t\t\t\t\t\t\t\t\t<\/div>\n\t\t\t\t<\/div>\n\t\t\t\t<div class=\"elementor-element elementor-element-865988a elementor-widget elementor-widget-image\" data-id=\"865988a\" data-element_type=\"widget\" data-e-type=\"widget\" data-widget_type=\"image.default\">\n\t\t\t\t<div class=\"elementor-widget-container\">\n\t\t\t\t\t\t\t\t\t\t\t\t\t\t\t<img decoding=\"async\" width=\"1\" height=\"1\" src=\"https:\/\/www.reprobarcelona.com\/wp-content\/uploads\/2023\/06\/IMG-20230220-WA0001.avif\" class=\"attachment-large size-large wp-image-1847\" alt=\"reforma de cuina\" \/>\t\t\t\t\t\t\t\t\t\t\t\t\t\t\t<\/div>\n\t\t\t\t<\/div>\n\t\t\t\t\t<\/div>\n\t\t<\/div>\n\t\t\t\t\t<\/div>\n\t\t<\/section>\n\t\t\t\t<section class=\"elementor-section elementor-top-section elementor-element elementor-element-37df770 elementor-section-boxed elementor-section-height-default elementor-section-height-default\" data-id=\"37df770\" data-element_type=\"section\" data-e-type=\"section\">\n\t\t\t\t\t\t<div class=\"elementor-container elementor-column-gap-default\">\n\t\t\t\t\t<div class=\"elementor-column elementor-col-33 elementor-top-column elementor-element elementor-element-ba8d057\" data-id=\"ba8d057\" data-element_type=\"column\" data-e-type=\"column\">\n\t\t\t<div class=\"elementor-widget-wrap elementor-element-populated\">\n\t\t\t\t\t\t<div class=\"elementor-element elementor-element-f44f40f elementor-widget elementor-widget-image\" data-id=\"f44f40f\" data-element_type=\"widget\" data-e-type=\"widget\" data-widget_type=\"image.default\">\n\t\t\t\t<div class=\"elementor-widget-container\">\n\t\t\t\t\t\t\t\t\t\t\t\t\t\t\t\t<a href=\"https:\/\/consum.gencat.cat\/\" target=\"_blank\" rel=\"noopener\">\n\t\t\t\t\t\t\t<img decoding=\"async\" width=\"409\" height=\"123\" src=\"https:\/\/www.reprobarcelona.com\/wp-content\/uploads\/2023\/06\/junta-arbitral-de-consum.jpg\" class=\"attachment-large size-large wp-image-3227\" alt=\"JUNTA ARBRITRAL DE CONSUM\" srcset=\"https:\/\/www.reprobarcelona.com\/wp-content\/uploads\/2023\/06\/junta-arbitral-de-consum.jpg 409w, https:\/\/www.reprobarcelona.com\/wp-content\/uploads\/2023\/06\/junta-arbitral-de-consum-300x90.jpg 300w\" sizes=\"(max-width: 409px) 100vw, 409px\" \/>\t\t\t\t\t\t\t\t<\/a>\n\t\t\t\t\t\t\t\t\t\t\t\t\t\t\t<\/div>\n\t\t\t\t<\/div>\n\t\t\t\t\t<\/div>\n\t\t<\/div>\n\t\t\t\t<div class=\"elementor-column elementor-col-33 elementor-top-column elementor-element elementor-element-4cec400\" data-id=\"4cec400\" data-element_type=\"column\" data-e-type=\"column\">\n\t\t\t<div class=\"elementor-widget-wrap elementor-element-populated\">\n\t\t\t\t\t\t<div class=\"elementor-element elementor-element-13c06f5 elementor-widget elementor-widget-image\" data-id=\"13c06f5\" data-element_type=\"widget\" data-e-type=\"widget\" data-widget_type=\"image.default\">\n\t\t\t\t<div class=\"elementor-widget-container\">\n\t\t\t\t\t\t\t\t\t\t\t\t\t\t\t\t<a href=\"https:\/\/gestiondelamianto.com\/rera\/\" target=\"_blank\" rel=\"noopener\">\n\t\t\t\t\t\t\t<img loading=\"lazy\" decoding=\"async\" width=\"253\" height=\"123\" src=\"https:\/\/www.reprobarcelona.com\/wp-content\/uploads\/2023\/06\/RERA.jpg\" class=\"attachment-large size-large wp-image-3226\" alt=\"RERA\" \/>\t\t\t\t\t\t\t\t<\/a>\n\t\t\t\t\t\t\t\t\t\t\t\t\t\t\t<\/div>\n\t\t\t\t<\/div>\n\t\t\t\t\t<\/div>\n\t\t<\/div>\n\t\t\t\t<div class=\"elementor-column elementor-col-33 elementor-top-column elementor-element elementor-element-5b1dac0\" data-id=\"5b1dac0\" data-element_type=\"column\" data-e-type=\"column\">\n\t\t\t<div class=\"elementor-widget-wrap elementor-element-populated\">\n\t\t\t\t\t\t<div class=\"elementor-element elementor-element-5c35842 elementor-widget elementor-widget-image\" data-id=\"5c35842\" data-element_type=\"widget\" data-e-type=\"widget\" data-widget_type=\"image.default\">\n\t\t\t\t<div class=\"elementor-widget-container\">\n\t\t\t\t\t\t\t\t\t\t\t\t\t\t\t\t<a href=\"https:\/\/www.tuv.com\/spain\/es\/\" target=\"_blank\" rel=\"noopener\">\n\t\t\t\t\t\t\t<img loading=\"lazy\" decoding=\"async\" width=\"347\" height=\"123\" src=\"https:\/\/www.reprobarcelona.com\/wp-content\/uploads\/2023\/06\/tuv.jpg\" class=\"attachment-large size-large wp-image-3225\" alt=\"TUV\" srcset=\"https:\/\/www.reprobarcelona.com\/wp-content\/uploads\/2023\/06\/tuv.jpg 347w, https:\/\/www.reprobarcelona.com\/wp-content\/uploads\/2023\/06\/tuv-300x106.jpg 300w\" sizes=\"(max-width: 347px) 100vw, 347px\" \/>\t\t\t\t\t\t\t\t<\/a>\n\t\t\t\t\t\t\t\t\t\t\t\t\t\t\t<\/div>\n\t\t\t\t<\/div>\n\t\t\t\t\t<\/div>\n\t\t<\/div>\n\t\t\t\t\t<\/div>\n\t\t<\/section>\n\t\t\t\t<\/div>","protected":false},"excerpt":{"rendered":"<p>Renova la teva Llar: Consells Pr\u00e0ctics per a una Renovaci\u00f3 Impactant La necessitat de renovar la nostra llar, ja sigui per raons estructurals, est\u00e8tiques o simplement pel desig de canvi, \u00e9s una cosa que experimentem peri\u00f2dicament. La influ\u00e8ncia de tenir una llar al nostre gust no nom\u00e9s es reflecteix a l&#039;est\u00e8tica, sin\u00f3 tamb\u00e9 a la nostra energia i [\u2026]<\/p>","protected":false},"author":1,"featured_media":2665,"comment_status":"open","ping_status":"open","sticky":false,"template":"","format":"standard","meta":{"footnotes":""},"categories":[17],"tags":[],"class_list":["post-3162","post","type-post","status-publish","format-standard","has-post-thumbnail","hentry","category-sin-categoria-es"],"_links":{"self":[{"href":"https:\/\/www.reprobarcelona.com\/ca\/wp-json\/wp\/v2\/posts\/3162","targetHints":{"allow":["GET"]}}],"collection":[{"href":"https:\/\/www.reprobarcelona.com\/ca\/wp-json\/wp\/v2\/posts"}],"about":[{"href":"https:\/\/www.reprobarcelona.com\/ca\/wp-json\/wp\/v2\/types\/post"}],"author":[{"embeddable":true,"href":"https:\/\/www.reprobarcelona.com\/ca\/wp-json\/wp\/v2\/users\/1"}],"replies":[{"embeddable":true,"href":"https:\/\/www.reprobarcelona.com\/ca\/wp-json\/wp\/v2\/comments?post=3162"}],"version-history":[{"count":0,"href":"https:\/\/www.reprobarcelona.com\/ca\/wp-json\/wp\/v2\/posts\/3162\/revisions"}],"wp:featuredmedia":[{"embeddable":true,"href":"https:\/\/www.reprobarcelona.com\/ca\/wp-json\/wp\/v2\/media\/2665"}],"wp:attachment":[{"href":"https:\/\/www.reprobarcelona.com\/ca\/wp-json\/wp\/v2\/media?parent=3162"}],"wp:term":[{"taxonomy":"category","embeddable":true,"href":"https:\/\/www.reprobarcelona.com\/ca\/wp-json\/wp\/v2\/categories?post=3162"},{"taxonomy":"post_tag","embeddable":true,"href":"https:\/\/www.reprobarcelona.com\/ca\/wp-json\/wp\/v2\/tags?post=3162"}],"curies":[{"name":"wp","href":"https:\/\/api.w.org\/{rel}","templated":true}]}}