{"id":3187,"date":"2023-12-27T16:12:57","date_gmt":"2023-12-27T16:12:57","guid":{"rendered":"https:\/\/www.reprobarcelona.com\/?p=3187"},"modified":"2024-01-23T17:41:15","modified_gmt":"2024-01-23T17:41:15","slug":"cocina-integrada","status":"publish","type":"post","link":"https:\/\/www.reprobarcelona.com\/ca\/cuina-integrada\/","title":{"rendered":"Dissenya el teu Espai Culinary: Cuina Integrada vs. Cuina independent"},"content":{"rendered":"<div data-elementor-type=\"wp-post\" data-elementor-id=\"3187\" class=\"elementor elementor-3187\" data-elementor-post-type=\"post\">\n\t\t\t\t\t\t<section class=\"elementor-section elementor-top-section elementor-element elementor-element-bd1bcc4 elementor-section-boxed elementor-section-height-default elementor-section-height-default\" data-id=\"bd1bcc4\" data-element_type=\"section\" data-e-type=\"section\">\n\t\t\t\t\t\t<div class=\"elementor-container elementor-column-gap-default\">\n\t\t\t\t\t<div class=\"elementor-column elementor-col-100 elementor-top-column elementor-element elementor-element-5e9f841\" data-id=\"5e9f841\" data-element_type=\"column\" data-e-type=\"column\">\n\t\t\t<div class=\"elementor-widget-wrap elementor-element-populated\">\n\t\t\t\t\t\t<div class=\"elementor-element elementor-element-af03d95 elementor-widget elementor-widget-text-editor\" data-id=\"af03d95\" data-element_type=\"widget\" data-e-type=\"widget\" data-widget_type=\"text-editor.default\">\n\t\t\t\t<div class=\"elementor-widget-container\">\n\t\t\t\t\t\t\t\t\t<p>L&#039;eterna pregunta sobre si triar una cuina integrada o independent sorgeix sovint en les nostres converses amb clients durant les reformes integrals. A ReproBarcelona, comprenem que ara la cuina \u00e9s l&#039;epicentre de la llar, on es comparteix temps amb \u00e9ssers estimats i amics. Per\u00f2, quina \u00e9s lelecci\u00f3 correcta per a tu?<\/p><h4><strong>El Renaixement de la Cuina: Nou Sal\u00f3 o Espai Reservat?<\/strong><\/h4><p>Actualment, la cuina ha adquirit la categoria de nou sal\u00f3, sent el lloc preferit per compartir moments. Tot i aix\u00f2, alguns defensen la premissa de tenir la cuina a la cuina, i el sal\u00f3 al sal\u00f3, optant per mantenir aquests espais separats. Si et trobes al cam\u00ed de la reforma de la teva cuina, \u00e9s probable que estiguis debatent entre una cuina integrada i una independent.<\/p><p>\u00c9s comprensible, ja que tots anhelem una cuina espectacular, pr\u00e0ctica i amb un estil propi. Abans d&#039;embarcar-te en la reforma, \u00e9s crucial evitar errors comuns, com ara deixar-se portar nom\u00e9s per les tend\u00e8ncies o descuidar la funcionalitat i l&#039;emmagatzematge necessari. Assegurem-nos que la llum natural s&#039;aprofiti al m\u00e0xim i optar per materials de qualitat.<\/p><h4><strong>Cuina Integrada: Un Espai per a la Conviv\u00e8ncia<\/strong><\/h4><p>Les cuines integrades, en voga actualment, atrauen per la sensaci\u00f3 d&#039;espai i la conviv\u00e8ncia que fomenten entre el sal\u00f3 i la cuina. S\u00f3n ideals per a aquells que gaudeixen de la companyia mentre cuinen. La integraci\u00f3 suavitza el tr\u00e0nsit a la llar, i \u00e9s una soluci\u00f3 especialment valuosa en habitatges petits, creant la il\u00b7lusi\u00f3 d&#039;un espai m\u00e9s gran i atraient la llum per crear un ambient acollidor.<\/p><p>Si les dimensions ho permeten, una illa central pot ser la joia de la corona a la teva cuina integrada, oferint funcionalitat i estil. A m\u00e9s, \u00e9s una excel\u00b7lent opci\u00f3 per supervisar els m\u00e9s petits mentre juguen al sal\u00f3. Assegureu-vos de comptar amb una campana extractora eficient per mantenir fums i olors al seu lloc.<\/p><h4><strong>Cuina Independent: Privadesa i Calma<\/strong><\/h4><p>Si consideres que el sal\u00f3 \u00e9s el millor lloc per reunir-te amb familiars i amics, la cuina independent \u00e9s la teva elecci\u00f3. Aquesta opci\u00f3 proporciona privadesa i tranquil\u00b7litat durant la preparaci\u00f3 de menjars, mantenint les olors i sorolls dins de la cuina. En esdeveniments socials, on els electrodom\u00e8stics poden generar soroll, la cuina independent permet una experi\u00e8ncia m\u00e9s relaxada a taula.<\/p><p>A m\u00e9s, la cuina independent ofereix la llibertat est\u00e8tica de tenir un estil diferent del sal\u00f3-menjador. Tot i aix\u00f2, en habitatges petits, aquesta opci\u00f3 pot resultar menys pr\u00e0ctica en limitar la mobilitat.<\/p>\t\t\t\t\t\t\t\t<\/div>\n\t\t\t\t<\/div>\n\t\t\t\t<div class=\"elementor-element elementor-element-5e2ee8b elementor-cta--skin-classic elementor-animated-content elementor-bg-transform elementor-bg-transform-zoom-in elementor-widget elementor-widget-call-to-action\" data-id=\"5e2ee8b\" data-element_type=\"widget\" data-e-type=\"widget\" data-widget_type=\"call-to-action.default\">\n\t\t\t\t<div class=\"elementor-widget-container\">\n\t\t\t\t\t\t\t<div class=\"elementor-cta\">\n\t\t\t\t\t<div class=\"elementor-cta__bg-wrapper\">\n\t\t\t\t<div class=\"elementor-cta__bg elementor-bg\" style=\"background-image: url(https:\/\/www.reprobarcelona.com\/wp-content\/uploads\/2023\/09\/LOGO-LONA-copia-1.jpg);\" role=\"img\" aria-label=\"Reprobarcelona\"><\/div>\n\t\t\t\t<div class=\"elementor-cta__bg-overlay\"><\/div>\n\t\t\t<\/div>\n\t\t\t\t\t\t\t<div class=\"elementor-cta__content\">\n\t\t\t\t\n\t\t\t\t\t\t\t\t\t<h2 class=\"elementor-cta__title elementor-cta__content-item elementor-content-item\">\n\t\t\t\t\t\tDemana el teu pressupost gratu\u00eft amb ReproBarcelona\t\t\t\t\t<\/h2>\n\t\t\t\t\n\t\t\t\t\t\t\t\t\t<div class=\"elementor-cta__description elementor-cta__content-item elementor-content-item\">\n\t\t\t\t\t\t\n\nSi somies amb la reforma de bany perfecta, confia a ReproBarcelona, la marca l\u00edder en reformes a Espanya. Oferim un compliment estricte de terminis, garantia de 2 anys i opcions de finan\u00e7ament a mida.\t\t\t\t\t<\/div>\n\t\t\t\t\n\t\t\t\t\t\t\t\t\t<div class=\"elementor-cta__button-wrapper elementor-cta__content-item elementor-content-item\">\n\t\t\t\t\t<a class=\"elementor-cta__button elementor-button elementor-size-\" href=\"https:\/\/www.reprobarcelona.com\/ca\/contacte-reprobarcelona-2\/\">\n\t\t\t\t\t\tFes clic aqu\u00ed\t\t\t\t\t<\/a>\n\t\t\t\t\t<\/div>\n\t\t\t\t\t\t\t<\/div>\n\t\t\t\t\t\t<\/div>\n\t\t\t\t\t\t<\/div>\n\t\t\t\t<\/div>\n\t\t\t\t<div class=\"elementor-element elementor-element-1855abd elementor-widget elementor-widget-text-editor\" data-id=\"1855abd\" data-element_type=\"widget\" data-e-type=\"widget\" data-widget_type=\"text-editor.default\">\n\t\t\t\t<div class=\"elementor-widget-container\">\n\t\t\t\t\t\t\t\t\t<h4><strong>Cuina Semioberta: La Soluci\u00f3 per als Indecisos<\/strong><\/h4><p>Per a aquells indecisos entre una cuina oberta o tancada, la cuina semioberta pot ser la resposta. Aquesta opci\u00f3 permet separar dos espais sense a\u00efllar-los del tot, utilitzant parets de vidre, portes corredisses o altres elements. Ofereix certa privadesa mentre augmenta la sensaci\u00f3 d&#039;amplitud, evitant sorolls i olors al sal\u00f3.<\/p><h4><strong>Decideix amb confian\u00e7a<\/strong><\/h4><p>Ara, amb informaci\u00f3 detallada sobre les caracter\u00edstiques de cuines integrades, independents i semiobertes, pots prendre una decisi\u00f3 informada segons l&#039;\u00fas i la configuraci\u00f3 del teu habitatge. Si encara et queden dubtes sobre els avantatges i els desavantatges de cada opci\u00f3, no dubtis en contactar-nos. Som aqu\u00ed per resoldre les teves inquietuds i oferir-te un pressupost personalitzat per a la teva reforma. Converteix la teva cuina en un espai \u00fanic que reflecteixi el teu estil de vida!<\/p>\t\t\t\t\t\t\t\t<\/div>\n\t\t\t\t<\/div>\n\t\t\t\t\t<\/div>\n\t\t<\/div>\n\t\t\t\t\t<\/div>\n\t\t<\/section>\n\t\t\t\t<section class=\"elementor-section elementor-top-section elementor-element elementor-element-0272c49 elementor-section-boxed elementor-section-height-default elementor-section-height-default\" data-id=\"0272c49\" data-element_type=\"section\" data-e-type=\"section\">\n\t\t\t\t\t\t<div class=\"elementor-container elementor-column-gap-default\">\n\t\t\t\t\t<div class=\"elementor-column elementor-col-100 elementor-top-column elementor-element elementor-element-6f1cc31\" data-id=\"6f1cc31\" data-element_type=\"column\" data-e-type=\"column\">\n\t\t\t<div class=\"elementor-widget-wrap elementor-element-populated\">\n\t\t\t\t\t\t<div class=\"elementor-element elementor-element-68ff55c elementor-widget elementor-widget-image\" data-id=\"68ff55c\" data-element_type=\"widget\" data-e-type=\"widget\" data-widget_type=\"image.default\">\n\t\t\t\t<div class=\"elementor-widget-container\">\n\t\t\t\t\t\t\t\t\t\t\t\t\t\t\t<img fetchpriority=\"high\" decoding=\"async\" width=\"768\" height=\"1024\" src=\"https:\/\/www.reprobarcelona.com\/wp-content\/uploads\/2023\/04\/IOBI5502.jpg\" class=\"attachment-large size-large wp-image-1733\" alt=\"cuina integrada\" srcset=\"https:\/\/www.reprobarcelona.com\/wp-content\/uploads\/2023\/04\/IOBI5502.jpg 768w, https:\/\/www.reprobarcelona.com\/wp-content\/uploads\/2023\/04\/IOBI5502-225x300.jpg 225w\" sizes=\"(max-width: 768px) 100vw, 768px\" \/>\t\t\t\t\t\t\t\t\t\t\t\t\t\t\t<\/div>\n\t\t\t\t<\/div>\n\t\t\t\t\t<\/div>\n\t\t<\/div>\n\t\t\t\t\t<\/div>\n\t\t<\/section>\n\t\t\t\t<section class=\"elementor-section elementor-top-section elementor-element elementor-element-534b828 elementor-section-boxed elementor-section-height-default elementor-section-height-default\" data-id=\"534b828\" data-element_type=\"section\" data-e-type=\"section\">\n\t\t\t\t\t\t<div class=\"elementor-container elementor-column-gap-default\">\n\t\t\t\t\t<div class=\"elementor-column elementor-col-33 elementor-top-column elementor-element elementor-element-25cfe66\" data-id=\"25cfe66\" data-element_type=\"column\" data-e-type=\"column\">\n\t\t\t<div class=\"elementor-widget-wrap elementor-element-populated\">\n\t\t\t\t\t\t<div class=\"elementor-element elementor-element-13d66ec elementor-widget elementor-widget-image\" data-id=\"13d66ec\" data-element_type=\"widget\" data-e-type=\"widget\" data-widget_type=\"image.default\">\n\t\t\t\t<div class=\"elementor-widget-container\">\n\t\t\t\t\t\t\t\t\t\t\t\t\t\t\t\t<a href=\"https:\/\/consum.gencat.cat\/\" target=\"_blank\" rel=\"noopener\">\n\t\t\t\t\t\t\t<img decoding=\"async\" width=\"409\" height=\"123\" src=\"https:\/\/www.reprobarcelona.com\/wp-content\/uploads\/2023\/06\/junta-arbitral-de-consum.jpg\" class=\"attachment-large size-large wp-image-3227\" alt=\"JUNTA ARBRITRAL DE CONSUM\" srcset=\"https:\/\/www.reprobarcelona.com\/wp-content\/uploads\/2023\/06\/junta-arbitral-de-consum.jpg 409w, https:\/\/www.reprobarcelona.com\/wp-content\/uploads\/2023\/06\/junta-arbitral-de-consum-300x90.jpg 300w\" sizes=\"(max-width: 409px) 100vw, 409px\" \/>\t\t\t\t\t\t\t\t<\/a>\n\t\t\t\t\t\t\t\t\t\t\t\t\t\t\t<\/div>\n\t\t\t\t<\/div>\n\t\t\t\t\t<\/div>\n\t\t<\/div>\n\t\t\t\t<div class=\"elementor-column elementor-col-33 elementor-top-column elementor-element elementor-element-a42cf32\" data-id=\"a42cf32\" data-element_type=\"column\" data-e-type=\"column\">\n\t\t\t<div class=\"elementor-widget-wrap elementor-element-populated\">\n\t\t\t\t\t\t<div class=\"elementor-element elementor-element-3971071 elementor-widget elementor-widget-image\" data-id=\"3971071\" data-element_type=\"widget\" data-e-type=\"widget\" data-widget_type=\"image.default\">\n\t\t\t\t<div class=\"elementor-widget-container\">\n\t\t\t\t\t\t\t\t\t\t\t\t\t\t\t\t<a href=\"https:\/\/gestiondelamianto.com\/rera\/\" target=\"_blank\" rel=\"noopener\">\n\t\t\t\t\t\t\t<img decoding=\"async\" width=\"253\" height=\"123\" src=\"https:\/\/www.reprobarcelona.com\/wp-content\/uploads\/2023\/06\/RERA.jpg\" class=\"attachment-large size-large wp-image-3226\" alt=\"RERA\" \/>\t\t\t\t\t\t\t\t<\/a>\n\t\t\t\t\t\t\t\t\t\t\t\t\t\t\t<\/div>\n\t\t\t\t<\/div>\n\t\t\t\t\t<\/div>\n\t\t<\/div>\n\t\t\t\t<div class=\"elementor-column elementor-col-33 elementor-top-column elementor-element elementor-element-4ca81da\" data-id=\"4ca81da\" data-element_type=\"column\" data-e-type=\"column\">\n\t\t\t<div class=\"elementor-widget-wrap elementor-element-populated\">\n\t\t\t\t\t\t<div class=\"elementor-element elementor-element-a94a95b elementor-widget elementor-widget-image\" data-id=\"a94a95b\" data-element_type=\"widget\" data-e-type=\"widget\" data-widget_type=\"image.default\">\n\t\t\t\t<div class=\"elementor-widget-container\">\n\t\t\t\t\t\t\t\t\t\t\t\t\t\t\t\t<a href=\"https:\/\/www.tuv.com\/spain\/es\/\" target=\"_blank\" rel=\"noopener\">\n\t\t\t\t\t\t\t<img loading=\"lazy\" decoding=\"async\" width=\"347\" height=\"123\" src=\"https:\/\/www.reprobarcelona.com\/wp-content\/uploads\/2023\/06\/tuv.jpg\" class=\"attachment-large size-large wp-image-3225\" alt=\"TUV\" srcset=\"https:\/\/www.reprobarcelona.com\/wp-content\/uploads\/2023\/06\/tuv.jpg 347w, https:\/\/www.reprobarcelona.com\/wp-content\/uploads\/2023\/06\/tuv-300x106.jpg 300w\" sizes=\"(max-width: 347px) 100vw, 347px\" \/>\t\t\t\t\t\t\t\t<\/a>\n\t\t\t\t\t\t\t\t\t\t\t\t\t\t\t<\/div>\n\t\t\t\t<\/div>\n\t\t\t\t\t<\/div>\n\t\t<\/div>\n\t\t\t\t\t<\/div>\n\t\t<\/section>\n\t\t\t\t<\/div>","protected":false},"excerpt":{"rendered":"<p>L&#039;eterna pregunta sobre si triar una cuina integrada o independent sorgeix sovint en les nostres converses amb clients durant les reformes integrals. A ReproBarcelona, comprenem que ara la cuina \u00e9s l&#039;epicentre de la llar, on es comparteix temps amb \u00e9ssers estimats i amics. Per\u00f2, quina \u00e9s lelecci\u00f3 correcta per a tu? El Renaixement de [\u2026]<\/p>","protected":false},"author":1,"featured_media":1028,"comment_status":"open","ping_status":"open","sticky":false,"template":"","format":"standard","meta":{"footnotes":""},"categories":[17],"tags":[],"class_list":["post-3187","post","type-post","status-publish","format-standard","has-post-thumbnail","hentry","category-sin-categoria-es"],"_links":{"self":[{"href":"https:\/\/www.reprobarcelona.com\/ca\/wp-json\/wp\/v2\/posts\/3187","targetHints":{"allow":["GET"]}}],"collection":[{"href":"https:\/\/www.reprobarcelona.com\/ca\/wp-json\/wp\/v2\/posts"}],"about":[{"href":"https:\/\/www.reprobarcelona.com\/ca\/wp-json\/wp\/v2\/types\/post"}],"author":[{"embeddable":true,"href":"https:\/\/www.reprobarcelona.com\/ca\/wp-json\/wp\/v2\/users\/1"}],"replies":[{"embeddable":true,"href":"https:\/\/www.reprobarcelona.com\/ca\/wp-json\/wp\/v2\/comments?post=3187"}],"version-history":[{"count":0,"href":"https:\/\/www.reprobarcelona.com\/ca\/wp-json\/wp\/v2\/posts\/3187\/revisions"}],"wp:featuredmedia":[{"embeddable":true,"href":"https:\/\/www.reprobarcelona.com\/ca\/wp-json\/wp\/v2\/media\/1028"}],"wp:attachment":[{"href":"https:\/\/www.reprobarcelona.com\/ca\/wp-json\/wp\/v2\/media?parent=3187"}],"wp:term":[{"taxonomy":"category","embeddable":true,"href":"https:\/\/www.reprobarcelona.com\/ca\/wp-json\/wp\/v2\/categories?post=3187"},{"taxonomy":"post_tag","embeddable":true,"href":"https:\/\/www.reprobarcelona.com\/ca\/wp-json\/wp\/v2\/tags?post=3187"}],"curies":[{"name":"wp","href":"https:\/\/api.w.org\/{rel}","templated":true}]}}