{"id":3214,"date":"2024-01-05T11:46:53","date_gmt":"2024-01-05T11:46:53","guid":{"rendered":"https:\/\/www.reprobarcelona.com\/?p=3214"},"modified":"2024-01-23T18:11:18","modified_gmt":"2024-01-23T18:11:18","slug":"vivienda-saludable","status":"publish","type":"post","link":"https:\/\/www.reprobarcelona.com\/ca\/habitatge-saludable\/","title":{"rendered":"Construcci\u00f3 i reformes integrals per a un habitatge saludable: Millora la teva Qualitat de Vida!"},"content":{"rendered":"<div data-elementor-type=\"wp-post\" data-elementor-id=\"3214\" class=\"elementor elementor-3214\" data-elementor-post-type=\"post\">\n\t\t\t\t\t\t<section class=\"elementor-section elementor-top-section elementor-element elementor-element-bd1bcc4 elementor-section-boxed elementor-section-height-default elementor-section-height-default\" data-id=\"bd1bcc4\" data-element_type=\"section\" data-e-type=\"section\">\n\t\t\t\t\t\t<div class=\"elementor-container elementor-column-gap-default\">\n\t\t\t\t\t<div class=\"elementor-column elementor-col-100 elementor-top-column elementor-element elementor-element-5e9f841\" data-id=\"5e9f841\" data-element_type=\"column\" data-e-type=\"column\">\n\t\t\t<div class=\"elementor-widget-wrap elementor-element-populated\">\n\t\t\t\t\t\t<div class=\"elementor-element elementor-element-af03d95 elementor-widget elementor-widget-text-editor\" data-id=\"af03d95\" data-element_type=\"widget\" data-e-type=\"widget\" data-widget_type=\"text-editor.default\">\n\t\t\t\t<div class=\"elementor-widget-container\">\n\t\t\t\t\t\t\t\t\t<h4><strong>\u00a0Comprom\u00eds amb el Benestar a ReproBarcelona<\/strong><\/h4><p>A ReproBarcelona, la nostra passi\u00f3 rau en la creaci\u00f3 d&#039;habitatges que no nom\u00e9s s\u00f3n visualment atractius, sin\u00f3 que tamb\u00e9 promouen un estil de vida saludable i confortable. Aquest comprom\u00eds es reflecteix a cada projecte de construcci\u00f3 i reforma integral que emprenem, independentment de l&#039;antiguitat de l&#039;immoble. Basant-nos en els principis de l&#039;Organitzaci\u00f3 Mundial de la Salut (OMS), aspirem a proporcionar espais que no nom\u00e9s siguin est\u00e8ticament agradables sin\u00f3 tamb\u00e9 beneficiosos per a la salut.<\/p><h1><strong>Qu\u00e8 defineix un habitatge saludable?<\/strong><\/h1><h4><strong>Ventilaci\u00f3: Aire Fresc per a una Respiraci\u00f3 \u00d2ptima<\/strong><\/h4><p>La normativa de construcci\u00f3 estableix la import\u00e0ncia d&#039;una ventilaci\u00f3 adequada a totes les estances. Busquem fomentar la ventilaci\u00f3 natural creuada per assegurar un subministrament constant d\u02bbaire fresc. Les finestres, amb una obertura m\u00ednima del 10%, tenen un paper crucial en aquest aspecte.<\/p><h4><strong>Il\u00b7luminaci\u00f3: Aprofitar la Llum Natural per a un Benestar Continu<\/strong><\/h4><p>Optem per la il\u00b7luminaci\u00f3 natural sempre que sigui possible, seguint el cicle circadi\u00e0 per proporcionar llum intensa durant el dia i suavitzar-la al capvespre. La ubicaci\u00f3 estrat\u00e8gica de finestres i la tria de bombetes de baix consum contribueixen a un entorn ben il\u00b7luminat i saludable.<\/p><h4><strong>Temperatura i Humitat: Un Ambient Termo-higrom\u00e8tric Equilibrat<\/strong><\/h4><p>Mantenim una temperatura i humitat relativa adequades, evitant extrems que puguin afectar la salut. La climatitzaci\u00f3 eficient, combinada amb un bon a\u00efllament, \u00e9s essencial per a un habitatge saludable i c\u00f2mode.<\/p><h4><strong>A\u00efllament Ac\u00fastic: Tranquil\u00b7litat per a un Descans Reparador<\/strong><\/h4><p>Rebutgem la contaminaci\u00f3 ac\u00fastica mitjan\u00e7ant la instal\u00b7laci\u00f3 d&#039;a\u00efllants de qualitat. Complim amb els est\u00e0ndards de nivells de soroll permesos a diferents zones de la vivenda, assegurant un entorn tranquil i propici per al descans.<\/p><h4><strong>Aigua: Garantint un Subministrament Segur i Eficient<\/strong><\/h4><p>Ens assegurem de comptar amb fontaneria que subministri aigua freda i calenta a tot l&#039;habitatge, amb dispositius d&#039;estalvi i mesures responsables per evitar el malbaratament d&#039;aigua. La qualitat de l&#039;aigua \u00e9s una prioritat, sent un dret i una responsabilitat proporcionar aigua pura i segura a cada llar.<\/p><h4><strong>Neteja: Higiene i Productes Eco-Amigables<\/strong><\/h4><p>Fomentem la neteja regular per prevenir la proliferaci\u00f3 de microorganismes nocius. Recomanem l\u00fas de productes de neteja biodegradables i ecol\u00f2gics que, a m\u00e9s de ser efica\u00e7os, no emeten vapors nocius.<\/p><h4><strong>Seguretat: Protegint els teus \u00e9ssers estimats<\/strong><\/h4><p>Integrem dispositius de seguretat essencials, com ara alarmes de fum i sondes de CO2, juntament amb mesures de seguretat estructural. Seleccionem materials de construcci\u00f3 segurs i lliures de components t\u00f2xics.<\/p><h4><strong>Efici\u00e8ncia Energ\u00e8tica al teu habitatge saludable: Comprom\u00eds amb el Futur i el Medi Ambient<\/strong><\/h4><p>A cada reforma, busquem reduir el consum energ\u00e8tic, implementant instal\u00b7lacions i electrodom\u00e8stics eficients i, sempre que sigui possible, incorporant energies renovables. Assessorem sobre els ajuts disponibles per a la rehabilitaci\u00f3 que promou l&#039;efici\u00e8ncia energ\u00e8tica.<\/p>\t\t\t\t\t\t\t\t<\/div>\n\t\t\t\t<\/div>\n\t\t\t\t<div class=\"elementor-element elementor-element-5e2ee8b elementor-cta--skin-classic elementor-animated-content elementor-bg-transform elementor-bg-transform-zoom-in elementor-widget elementor-widget-call-to-action\" data-id=\"5e2ee8b\" data-element_type=\"widget\" data-e-type=\"widget\" data-widget_type=\"call-to-action.default\">\n\t\t\t\t<div class=\"elementor-widget-container\">\n\t\t\t\t\t\t\t<div class=\"elementor-cta\">\n\t\t\t\t\t<div class=\"elementor-cta__bg-wrapper\">\n\t\t\t\t<div class=\"elementor-cta__bg elementor-bg\" style=\"background-image: url(https:\/\/www.reprobarcelona.com\/wp-content\/uploads\/2023\/09\/LOGO-LONA-copia-1.jpg);\" role=\"img\" aria-label=\"Reprobarcelona\"><\/div>\n\t\t\t\t<div class=\"elementor-cta__bg-overlay\"><\/div>\n\t\t\t<\/div>\n\t\t\t\t\t\t\t<div class=\"elementor-cta__content\">\n\t\t\t\t\n\t\t\t\t\t\t\t\t\t<h2 class=\"elementor-cta__title elementor-cta__content-item elementor-content-item\">\n\t\t\t\t\t\tDemana el teu pressupost gratu\u00eft amb ReproBarcelona\t\t\t\t\t<\/h2>\n\t\t\t\t\n\t\t\t\t\t\t\t\t\t<div class=\"elementor-cta__description elementor-cta__content-item elementor-content-item\">\n\t\t\t\t\t\tSi somies amb la reforma de bany perfecta, confia a ReproBarcelona, la marca l\u00edder en reformes a Espanya. Oferim un estricte compliment de terminis, amb els millors materials i acabats. Demana el teu pressupost aqu\u00ed.\t\t\t\t\t<\/div>\n\t\t\t\t\n\t\t\t\t\t\t\t\t\t<div class=\"elementor-cta__button-wrapper elementor-cta__content-item elementor-content-item\">\n\t\t\t\t\t<a class=\"elementor-cta__button elementor-button elementor-size-\" href=\"https:\/\/www.reprobarcelona.com\/ca\/contacte-reprobarcelona-2\/\">\n\t\t\t\t\t\tFes clic aqu\u00ed\t\t\t\t\t<\/a>\n\t\t\t\t\t<\/div>\n\t\t\t\t\t\t\t<\/div>\n\t\t\t\t\t\t<\/div>\n\t\t\t\t\t\t<\/div>\n\t\t\t\t<\/div>\n\t\t\t\t<div class=\"elementor-element elementor-element-1855abd elementor-widget elementor-widget-text-editor\" data-id=\"1855abd\" data-element_type=\"widget\" data-e-type=\"widget\" data-widget_type=\"text-editor.default\">\n\t\t\t\t<div class=\"elementor-widget-container\">\n\t\t\t\t\t\t\t\t\t<h3><strong>ReproBarcelona i la Construcci\u00f3 dHabitatge Saludable<\/strong><\/h3><p>En resum, a ReproBarcelona entenem que la construcci\u00f3 i la reforma del teu habitatge saludable implica una consideraci\u00f3 hol\u00edstica. Des de l&#039;elecci\u00f3 de materials fins a la qualitat de l&#039;aire interior, des de l&#039;efici\u00e8ncia energ\u00e8tica fins al benestar dels habitants, tots aquests elements convergeixen en un objectiu com\u00fa: millorar la salut i la comoditat dels qui anomenen aquests habitatges casa seva.<\/p><p>La situaci\u00f3 actual ens recorda la import\u00e0ncia de viure en entorns saludables, ja que passem la majoria del nostre temps a espais tancats. Si busques millorar el benestar per a tu i els teus \u00e9ssers estimats, et convidem a explorar el concepte d&#039;habitatge saludable. Contacta&#039;ns per discutir com podem fer de casa teva un lloc on la salut i el confort s&#039;entrellacen de manera harmoniosa.<\/p>\t\t\t\t\t\t\t\t<\/div>\n\t\t\t\t<\/div>\n\t\t\t\t\t<\/div>\n\t\t<\/div>\n\t\t\t\t\t<\/div>\n\t\t<\/section>\n\t\t\t\t<section class=\"elementor-section elementor-top-section elementor-element elementor-element-0272c49 elementor-section-boxed elementor-section-height-default elementor-section-height-default\" data-id=\"0272c49\" data-element_type=\"section\" data-e-type=\"section\">\n\t\t\t\t\t\t<div class=\"elementor-container elementor-column-gap-default\">\n\t\t\t\t\t<div class=\"elementor-column elementor-col-100 elementor-top-column elementor-element elementor-element-6f1cc31\" data-id=\"6f1cc31\" data-element_type=\"column\" data-e-type=\"column\">\n\t\t\t<div class=\"elementor-widget-wrap elementor-element-populated\">\n\t\t\t\t\t\t<div class=\"elementor-element elementor-element-3ecc5c9 elementor-widget elementor-widget-image\" data-id=\"3ecc5c9\" data-element_type=\"widget\" data-e-type=\"widget\" data-widget_type=\"image.default\">\n\t\t\t\t<div class=\"elementor-widget-container\">\n\t\t\t\t\t\t\t\t\t\t\t\t\t\t\t<img fetchpriority=\"high\" decoding=\"async\" width=\"800\" height=\"600\" src=\"https:\/\/www.reprobarcelona.com\/wp-content\/uploads\/2023\/02\/IMG-20230220-WA0019-1024x768.jpg\" class=\"attachment-large size-large wp-image-1014\" alt=\"habitatge saludable\" srcset=\"https:\/\/www.reprobarcelona.com\/wp-content\/uploads\/2023\/02\/IMG-20230220-WA0019-1024x768.jpg 1024w, https:\/\/www.reprobarcelona.com\/wp-content\/uploads\/2023\/02\/IMG-20230220-WA0019-300x225.jpg 300w, https:\/\/www.reprobarcelona.com\/wp-content\/uploads\/2023\/02\/IMG-20230220-WA0019-768x576.jpg 768w, https:\/\/www.reprobarcelona.com\/wp-content\/uploads\/2023\/02\/IMG-20230220-WA0019-1536x1152.jpg 1536w, https:\/\/www.reprobarcelona.com\/wp-content\/uploads\/2023\/02\/IMG-20230220-WA0019.jpg 2048w\" sizes=\"(max-width: 800px) 100vw, 800px\" \/>\t\t\t\t\t\t\t\t\t\t\t\t\t\t\t<\/div>\n\t\t\t\t<\/div>\n\t\t\t\t\t<\/div>\n\t\t<\/div>\n\t\t\t\t\t<\/div>\n\t\t<\/section>\n\t\t\t\t<section class=\"elementor-section elementor-top-section elementor-element elementor-element-94ca17e elementor-section-boxed elementor-section-height-default elementor-section-height-default\" data-id=\"94ca17e\" data-element_type=\"section\" data-e-type=\"section\">\n\t\t\t\t\t\t<div class=\"elementor-container elementor-column-gap-default\">\n\t\t\t\t\t<div class=\"elementor-column elementor-col-33 elementor-top-column elementor-element elementor-element-664abe5\" data-id=\"664abe5\" data-element_type=\"column\" data-e-type=\"column\">\n\t\t\t<div class=\"elementor-widget-wrap elementor-element-populated\">\n\t\t\t\t\t\t<div class=\"elementor-element elementor-element-ae58cab elementor-widget elementor-widget-image\" data-id=\"ae58cab\" data-element_type=\"widget\" data-e-type=\"widget\" data-widget_type=\"image.default\">\n\t\t\t\t<div class=\"elementor-widget-container\">\n\t\t\t\t\t\t\t\t\t\t\t\t\t\t\t\t<a href=\"https:\/\/consum.gencat.cat\/\" target=\"_blank\" rel=\"noopener\">\n\t\t\t\t\t\t\t<img decoding=\"async\" width=\"409\" height=\"123\" src=\"https:\/\/www.reprobarcelona.com\/wp-content\/uploads\/2023\/06\/junta-arbitral-de-consum.jpg\" class=\"attachment-large size-large wp-image-3227\" alt=\"JUNTA ARBRITRAL DE CONSUM\" srcset=\"https:\/\/www.reprobarcelona.com\/wp-content\/uploads\/2023\/06\/junta-arbitral-de-consum.jpg 409w, https:\/\/www.reprobarcelona.com\/wp-content\/uploads\/2023\/06\/junta-arbitral-de-consum-300x90.jpg 300w\" sizes=\"(max-width: 409px) 100vw, 409px\" \/>\t\t\t\t\t\t\t\t<\/a>\n\t\t\t\t\t\t\t\t\t\t\t\t\t\t\t<\/div>\n\t\t\t\t<\/div>\n\t\t\t\t\t<\/div>\n\t\t<\/div>\n\t\t\t\t<div class=\"elementor-column elementor-col-33 elementor-top-column elementor-element elementor-element-3e9987e\" data-id=\"3e9987e\" data-element_type=\"column\" data-e-type=\"column\">\n\t\t\t<div class=\"elementor-widget-wrap elementor-element-populated\">\n\t\t\t\t\t\t<div class=\"elementor-element elementor-element-b839b65 elementor-widget elementor-widget-image\" data-id=\"b839b65\" data-element_type=\"widget\" data-e-type=\"widget\" data-widget_type=\"image.default\">\n\t\t\t\t<div class=\"elementor-widget-container\">\n\t\t\t\t\t\t\t\t\t\t\t\t\t\t\t\t<a href=\"https:\/\/gestiondelamianto.com\/rera\/\" target=\"_blank\" rel=\"noopener\">\n\t\t\t\t\t\t\t<img decoding=\"async\" width=\"253\" height=\"123\" src=\"https:\/\/www.reprobarcelona.com\/wp-content\/uploads\/2023\/06\/RERA.jpg\" class=\"attachment-large size-large wp-image-3226\" alt=\"RERA\" \/>\t\t\t\t\t\t\t\t<\/a>\n\t\t\t\t\t\t\t\t\t\t\t\t\t\t\t<\/div>\n\t\t\t\t<\/div>\n\t\t\t\t\t<\/div>\n\t\t<\/div>\n\t\t\t\t<div class=\"elementor-column elementor-col-33 elementor-top-column elementor-element elementor-element-faf090f\" data-id=\"faf090f\" data-element_type=\"column\" data-e-type=\"column\">\n\t\t\t<div class=\"elementor-widget-wrap elementor-element-populated\">\n\t\t\t\t\t\t<div class=\"elementor-element elementor-element-711a786 elementor-widget elementor-widget-image\" data-id=\"711a786\" data-element_type=\"widget\" data-e-type=\"widget\" data-widget_type=\"image.default\">\n\t\t\t\t<div class=\"elementor-widget-container\">\n\t\t\t\t\t\t\t\t\t\t\t\t\t\t\t\t<a href=\"https:\/\/www.tuv.com\/spain\/es\/\" target=\"_blank\" rel=\"noopener\">\n\t\t\t\t\t\t\t<img loading=\"lazy\" decoding=\"async\" width=\"347\" height=\"123\" src=\"https:\/\/www.reprobarcelona.com\/wp-content\/uploads\/2023\/06\/tuv.jpg\" class=\"attachment-large size-large wp-image-3225\" alt=\"TUV\" srcset=\"https:\/\/www.reprobarcelona.com\/wp-content\/uploads\/2023\/06\/tuv.jpg 347w, https:\/\/www.reprobarcelona.com\/wp-content\/uploads\/2023\/06\/tuv-300x106.jpg 300w\" sizes=\"(max-width: 347px) 100vw, 347px\" \/>\t\t\t\t\t\t\t\t<\/a>\n\t\t\t\t\t\t\t\t\t\t\t\t\t\t\t<\/div>\n\t\t\t\t<\/div>\n\t\t\t\t\t<\/div>\n\t\t<\/div>\n\t\t\t\t\t<\/div>\n\t\t<\/section>\n\t\t\t\t<\/div>","protected":false},"excerpt":{"rendered":"<p>\u00a0Comprom\u00eds amb el Benestar a ReproBarcelona A ReproBarcelona, la nostra passi\u00f3 rau en la creaci\u00f3 d&#039;habitatges que no nom\u00e9s s\u00f3n visualment atractius, sin\u00f3 que tamb\u00e9 promouen un estil de vida saludable i confortable. Aquest comprom\u00eds es reflecteix a cada projecte de construcci\u00f3 i reforma integral que emprenem, independentment de l&#039;antiguitat de l&#039;immoble. Basant-nos en [\u2026]<\/p>","protected":false},"author":1,"featured_media":2978,"comment_status":"open","ping_status":"open","sticky":false,"template":"","format":"standard","meta":{"footnotes":""},"categories":[17],"tags":[],"class_list":["post-3214","post","type-post","status-publish","format-standard","has-post-thumbnail","hentry","category-sin-categoria-es"],"_links":{"self":[{"href":"https:\/\/www.reprobarcelona.com\/ca\/wp-json\/wp\/v2\/posts\/3214","targetHints":{"allow":["GET"]}}],"collection":[{"href":"https:\/\/www.reprobarcelona.com\/ca\/wp-json\/wp\/v2\/posts"}],"about":[{"href":"https:\/\/www.reprobarcelona.com\/ca\/wp-json\/wp\/v2\/types\/post"}],"author":[{"embeddable":true,"href":"https:\/\/www.reprobarcelona.com\/ca\/wp-json\/wp\/v2\/users\/1"}],"replies":[{"embeddable":true,"href":"https:\/\/www.reprobarcelona.com\/ca\/wp-json\/wp\/v2\/comments?post=3214"}],"version-history":[{"count":0,"href":"https:\/\/www.reprobarcelona.com\/ca\/wp-json\/wp\/v2\/posts\/3214\/revisions"}],"wp:featuredmedia":[{"embeddable":true,"href":"https:\/\/www.reprobarcelona.com\/ca\/wp-json\/wp\/v2\/media\/2978"}],"wp:attachment":[{"href":"https:\/\/www.reprobarcelona.com\/ca\/wp-json\/wp\/v2\/media?parent=3214"}],"wp:term":[{"taxonomy":"category","embeddable":true,"href":"https:\/\/www.reprobarcelona.com\/ca\/wp-json\/wp\/v2\/categories?post=3214"},{"taxonomy":"post_tag","embeddable":true,"href":"https:\/\/www.reprobarcelona.com\/ca\/wp-json\/wp\/v2\/tags?post=3214"}],"curies":[{"name":"wp","href":"https:\/\/api.w.org\/{rel}","templated":true}]}}