{"id":3638,"date":"2024-06-20T10:16:00","date_gmt":"2024-06-20T10:16:00","guid":{"rendered":"https:\/\/www.reprobarcelona.com\/?p=3638"},"modified":"2024-06-10T15:21:47","modified_gmt":"2024-06-10T15:21:47","slug":"reformar-terrazas-en-barcelona","status":"publish","type":"post","link":"https:\/\/www.reprobarcelona.com\/ca\/reformar-terrasses-a-barcelona\/","title":{"rendered":"Com Reformar Espais Exteriors: Terrasses i Jardins a Barcelona"},"content":{"rendered":"<div data-elementor-type=\"wp-post\" data-elementor-id=\"3638\" class=\"elementor elementor-3638\" data-elementor-post-type=\"post\">\n\t\t\t\t\t\t<section class=\"elementor-section elementor-top-section elementor-element elementor-element-bd1bcc4 elementor-section-boxed elementor-section-height-default elementor-section-height-default\" data-id=\"bd1bcc4\" data-element_type=\"section\" data-e-type=\"section\">\n\t\t\t\t\t\t<div class=\"elementor-container elementor-column-gap-default\">\n\t\t\t\t\t<div class=\"elementor-column elementor-col-100 elementor-top-column elementor-element elementor-element-5e9f841\" data-id=\"5e9f841\" data-element_type=\"column\" data-e-type=\"column\">\n\t\t\t<div class=\"elementor-widget-wrap elementor-element-populated\">\n\t\t\t\t\t\t<div class=\"elementor-element elementor-element-adb4d32 elementor-toc--minimized-on-desktop elementor-widget elementor-widget-table-of-contents\" data-id=\"adb4d32\" data-element_type=\"widget\" data-e-type=\"widget\" data-settings=\"{&quot;headings_by_tags&quot;:[&quot;h2&quot;],&quot;exclude_headings_by_selector&quot;:[],&quot;marker_view&quot;:&quot;bullets&quot;,&quot;minimized_on&quot;:&quot;desktop&quot;,&quot;icon&quot;:{&quot;value&quot;:&quot;fas fa-circle&quot;,&quot;library&quot;:&quot;fa-solid&quot;},&quot;no_headings_message&quot;:&quot;No se ha encontrado ning\\u00fan encabezado en esta p\\u00e1gina.&quot;,&quot;minimize_box&quot;:&quot;yes&quot;,&quot;hierarchical_view&quot;:&quot;yes&quot;,&quot;min_height&quot;:{&quot;unit&quot;:&quot;px&quot;,&quot;size&quot;:&quot;&quot;,&quot;sizes&quot;:[]},&quot;min_height_tablet&quot;:{&quot;unit&quot;:&quot;px&quot;,&quot;size&quot;:&quot;&quot;,&quot;sizes&quot;:[]},&quot;min_height_mobile&quot;:{&quot;unit&quot;:&quot;px&quot;,&quot;size&quot;:&quot;&quot;,&quot;sizes&quot;:[]}}\" data-widget_type=\"table-of-contents.default\">\n\t\t\t\t<div class=\"elementor-widget-container\">\n\t\t\t\t\t\t\t\t\t<div class=\"elementor-toc__header\">\n\t\t\t\t\t\t<h4 class=\"elementor-toc__header-title\">\n\t\t\t\tTaula de continguts\t\t\t<\/h4>\n\t\t\t\t\t\t\t\t\t\t<div class=\"elementor-toc__toggle-button elementor-toc__toggle-button--expand\" role=\"button\" tabindex=\"0\" aria-controls=\"elementor-toc__adb4d32\" aria-expanded=\"true\" aria-label=\"Obrir la taula de continguts\"><i aria-hidden=\"true\" class=\"fas fa-chevron-down\"><\/i><\/div>\n\t\t\t\t<div class=\"elementor-toc__toggle-button elementor-toc__toggle-button--collapse\" role=\"button\" tabindex=\"0\" aria-controls=\"elementor-toc__adb4d32\" aria-expanded=\"true\" aria-label=\"Tancar la taula de continguts\"><i aria-hidden=\"true\" class=\"fas fa-chevron-up\"><\/i><\/div>\n\t\t\t\t\t<\/div>\n\t\t\t\t<div id=\"elementor-toc__adb4d32\" class=\"elementor-toc__body\">\n\t\t\t<div class=\"elementor-toc__spinner-container\">\n\t\t\t\t<i class=\"elementor-toc__spinner eicon-animation-spin eicon-loading\" aria-hidden=\"true\"><\/i>\t\t\t<\/div>\n\t\t<\/div>\n\t\t\t\t\t\t<\/div>\n\t\t\t\t<\/div>\n\t\t\t\t<div class=\"elementor-element elementor-element-af03d95 elementor-widget elementor-widget-text-editor\" data-id=\"af03d95\" data-element_type=\"widget\" data-e-type=\"widget\" data-widget_type=\"text-editor.default\">\n\t\t\t\t<div class=\"elementor-widget-container\">\n\t\t\t\t\t\t\t\t\t<h1>Com Reformar Espais Exteriors: Terrasses i Jardins a Barcelona<\/h1><p>Reformar espais exteriors com ara terrasses i jardins pot transformar la teva llar en un oasi de luxe i relaxaci\u00f3. En aquest article, us proporcionem una guia completa sobre com reformar terrasses a Barcelona, combinant funcionalitat i est\u00e8tica per crear un espai exterior perfecte. Amb l&#039;ajuda de Reprobarcelona, podr\u00e0s dur a terme aquest projecte amb \u00e8xit, fent servir els millors materials i t\u00e8cniques.<\/p><h2>Per qu\u00e8 Reformar Terrasses i Jardins?<\/h2><p>Barcelona, amb el clima mediterrani, \u00e9s el lloc perfecte per gaudir d&#039;espais exteriors. Reformar la terrassa o el jard\u00ed no nom\u00e9s augmenta el valor de la teva propietat, sin\u00f3 que tamb\u00e9 millora la teva qualitat de vida en crear una \u00e0rea addicional per a l&#039;oci i la relaxaci\u00f3. Ja sigui que vulguis un lloc per rebre amics i familiars, un rac\u00f3 tranquil per llegir, o un espai de joc per als nens, una reforma ben planificada pot fer realitat els teus somnis.<\/p><h2>Passos per a Reformar Terrasses i Jardins<\/h2><h3>1. Avaluaci\u00f3 Inicial<\/h3><h4>Inspecci\u00f3 i Mesura<\/h4><p>El primer pas per reformar terrasses a Barcelona \u00e9s avaluar l&#039;espai existent i pren mesures precises i considera les caracter\u00edstiques actuals de l&#039;\u00e0rea, com ara l&#039;orientaci\u00f3 solar, la vegetaci\u00f3 existent i els elements estructurals.<\/p><h4>Consulta amb Professionals<\/h4><p>\u00c9s recomanable consultar un dissenyador d&#039;exteriors o arquitecte paisatgista per obtenir una visi\u00f3 professional sobre com aprofitar millor l&#039;espai. Reprobarcelona et pot oferir aquesta assessoria experta.<\/p><h3>2. Planificaci\u00f3 del Disseny<\/h3><h4>Definici\u00f3 d&#039;\u00fas<\/h4><p>Determina com vols fer servir la teva terrassa o jard\u00ed. Prefereixes un espai per a sopars a l&#039;aire lliure, una zona de relaxaci\u00f3, o una \u00e0rea de joc per a nens? Definir l\u00fas principal ajudar\u00e0 a guiar el disseny i la selecci\u00f3 de materials.<\/p><h4>Creaci\u00f3 de Zones<\/h4><p>Dividiu l&#039;espai en zones funcionals. Per exemple, podeu tenir una \u00e0rea de menjador, una zona de lounge amb sof\u00e0s i un rac\u00f3 verd amb plantes i flors.<\/p><h3>3. Selecci\u00f3 de Materials<\/h3><h4>S\u00f2ls i Revestiments<\/h4><p>Opta per materials duradors i est\u00e8tics com la fusta tractada, el composite, o la pedra natural. Aquests materials no s\u00f3n nom\u00e9s resistents a les inclem\u00e8ncies del temps, sin\u00f3 que tamb\u00e9 aporten un toc d&#039;eleg\u00e0ncia.<\/p><h4>Mobiliari<\/h4><p>Selecciona mobles d&#039;exterior d&#039;alta qualitat que siguin c\u00f2modes i resistents. Els mobles de ratan sint\u00e8tic, alumini i teca s\u00f3n excel\u00b7lents opcions per a exteriors.<\/p><h3>4. Vegetaci\u00f3 i Paisatgisme<\/h3><h4>Plantes i Flors<\/h4><p>Trieu plantes que s&#039;adaptin b\u00e9 al clima de Barcelona. Els arbustos mediterranis, les suculentes i les plantes amb flors vibrants poden afegir color i vida al teu espai exterior.<\/p><h4>Jardins Verticals<\/h4><p>Si lespai \u00e9s limitat, considera la instal\u00b7laci\u00f3 de jardins verticals. Aquests no nom\u00e9s estalvien espai, sin\u00f3 que tamb\u00e9 creen un efecte visual impressionant.<\/p><h3>5. Il\u00b7luminaci\u00f3<\/h3><h4>Llums Funcionals i Ambientals<\/h4><p>La il\u00b7luminaci\u00f3 \u00e9s clau per gaudir de la teva terrassa o jard\u00ed a la nit. Utilitza una combinaci\u00f3 de llums funcionals per a \u00e0rees de treball i llums ambientals per crear un ambient acollidor.<\/p><h3>6. Elements Addicionals<\/h3><h4>Piscines i Jacuzzis<\/h4><p>Si l&#039;espai i el pressupost ho permeten, considereu la instal\u00b7laci\u00f3 d&#039;una piscina o un jacuzzi. Aquests elements poden transformar el teu jard\u00ed en un veritable oasi de luxe.<\/p><h4>P\u00e8rgoles i Tendals<\/h4><p>Les p\u00e8rgoles i els tendals no nom\u00e9s proporcionen ombra, sin\u00f3 que tamb\u00e9 afegeixen un element arquitect\u00f2nic atractiu. Pots optar per p\u00e8rgoles de fusta, metall o materials sint\u00e8tics segons l&#039;estil desitjat.<\/p>\t\t\t\t\t\t\t\t<\/div>\n\t\t\t\t<\/div>\n\t\t\t\t<div class=\"elementor-element elementor-element-cbdc8e4 elementor-widget elementor-widget-image\" data-id=\"cbdc8e4\" data-element_type=\"widget\" data-e-type=\"widget\" data-widget_type=\"image.default\">\n\t\t\t\t<div class=\"elementor-widget-container\">\n\t\t\t\t\t\t\t\t\t\t\t\t\t\t\t<img fetchpriority=\"high\" decoding=\"async\" width=\"800\" height=\"234\" src=\"https:\/\/www.reprobarcelona.com\/wp-content\/uploads\/2023\/09\/LOGO-LONA-copia-1.jpg\" class=\"attachment-large size-large wp-image-3051\" alt=\"Reprobarcelona\" srcset=\"https:\/\/www.reprobarcelona.com\/wp-content\/uploads\/2023\/09\/LOGO-LONA-copia-1.jpg 946w, https:\/\/www.reprobarcelona.com\/wp-content\/uploads\/2023\/09\/LOGO-LONA-copia-1-300x88.jpg 300w, https:\/\/www.reprobarcelona.com\/wp-content\/uploads\/2023\/09\/LOGO-LONA-copia-1-768x225.jpg 768w\" sizes=\"(max-width: 800px) 100vw, 800px\" \/>\t\t\t\t\t\t\t\t\t\t\t\t\t\t\t<\/div>\n\t\t\t\t<\/div>\n\t\t\t\t<div class=\"elementor-element elementor-element-fc44f4b elementor-widget elementor-widget-heading\" data-id=\"fc44f4b\" data-element_type=\"widget\" data-e-type=\"widget\" data-widget_type=\"heading.default\">\n\t\t\t\t<div class=\"elementor-widget-container\">\n\t\t\t\t\t<h2 class=\"elementor-heading-title elementor-size-default\">Demana el teu pressupost gratu\u00eft amb ReproBarcelona<\/h2>\t\t\t\t<\/div>\n\t\t\t\t<\/div>\n\t\t\t\t<div class=\"elementor-element elementor-element-11735b1 elementor-widget elementor-widget-text-editor\" data-id=\"11735b1\" data-element_type=\"widget\" data-e-type=\"widget\" data-widget_type=\"text-editor.default\">\n\t\t\t\t<div class=\"elementor-widget-container\">\n\t\t\t\t\t\t\t\t\t<p>Transforma la teva llar amb ReproBarcelona: Descobreix com les nostres reformes integrals poden convertir el teu espai a la llar dels teus somnis. Demana una consulta gratu\u00efta i porta el teu habitatge al seg\u00fcent nivell avui mateix!<\/p>\t\t\t\t\t\t\t\t<\/div>\n\t\t\t\t<\/div>\n\t\t\t\t<div class=\"elementor-element elementor-element-96e452e elementor-align-center elementor-widget elementor-widget-button\" data-id=\"96e452e\" data-element_type=\"widget\" data-e-type=\"widget\" data-widget_type=\"button.default\">\n\t\t\t\t<div class=\"elementor-widget-container\">\n\t\t\t\t\t\t\t\t\t<div class=\"elementor-button-wrapper\">\n\t\t\t\t\t<a class=\"elementor-button elementor-button-link elementor-size-sm\" href=\"https:\/\/www.reprobarcelona.com\/ca\/contacte-reprobarcelona-2\/\">\n\t\t\t\t\t\t<span class=\"elementor-button-content-wrapper\">\n\t\t\t\t\t\t\t\t\t<span class=\"elementor-button-text\">Fes clic aqu\u00ed<\/span>\n\t\t\t\t\t<\/span>\n\t\t\t\t\t<\/a>\n\t\t\t\t<\/div>\n\t\t\t\t\t\t\t\t<\/div>\n\t\t\t\t<\/div>\n\t\t\t\t<div class=\"elementor-element elementor-element-1855abd elementor-widget elementor-widget-text-editor\" data-id=\"1855abd\" data-element_type=\"widget\" data-e-type=\"widget\" data-widget_type=\"text-editor.default\">\n\t\t\t\t<div class=\"elementor-widget-container\">\n\t\t\t\t\t\t\t\t\t<h2>Beneficis de Reformar amb Reprobarcelona<\/h2><p>Reprobarcelona s&#039;especialitza en reformes d&#039;alta gamma, oferint un servei integral per assegurar que el teu projecte de terrassa o jard\u00ed es faci a la perfecci\u00f3.<\/p><h3>Experi\u00e8ncia i Professionalitat<\/h3><p>Amb anys d&#039;experi\u00e8ncia, Reprobarcelona garanteix un treball d&#039;alta qualitat i atenci\u00f3 al detall a cada projecte.<\/p><h3>Materials d&#039;alta qualitat<\/h3><p>Utilitzem nom\u00e9s els millors materials per assegurar que cada reforma no nom\u00e9s sigui est\u00e8tica, sin\u00f3 tamb\u00e9 duradora.<\/p><h3>Satisfacci\u00f3 del Client<\/h3><p>El nostre objectiu \u00e9s superar les expectatives dels nostres clients, oferint resultats que reflecteixin els seus desitjos i necessitats.<\/p><h2>Contacta amb Reprobarcelona<\/h2><p>Si est\u00e0s preparat per transformar el teu espai exterior, contacta amb Reprobarcelona avui mateix. El nostre equip est\u00e0 llest per ajudar-te a crear la terrassa o jard\u00ed dels teus somnis.<\/p>\t\t\t\t\t\t\t\t<\/div>\n\t\t\t\t<\/div>\n\t\t\t\t\t<\/div>\n\t\t<\/div>\n\t\t\t\t\t<\/div>\n\t\t<\/section>\n\t\t\t\t<section class=\"elementor-section elementor-top-section elementor-element elementor-element-f85140b elementor-section-boxed elementor-section-height-default elementor-section-height-default\" data-id=\"f85140b\" data-element_type=\"section\" data-e-type=\"section\">\n\t\t\t\t\t\t<div class=\"elementor-container elementor-column-gap-default\">\n\t\t\t\t\t<div class=\"elementor-column elementor-col-100 elementor-top-column elementor-element elementor-element-1206514\" data-id=\"1206514\" data-element_type=\"column\" data-e-type=\"column\">\n\t\t\t<div class=\"elementor-widget-wrap\">\n\t\t\t\t\t\t\t<\/div>\n\t\t<\/div>\n\t\t\t\t\t<\/div>\n\t\t<\/section>\n\t\t\t\t<section class=\"elementor-section elementor-top-section elementor-element elementor-element-0901a10 elementor-section-boxed elementor-section-height-default elementor-section-height-default\" data-id=\"0901a10\" data-element_type=\"section\" data-e-type=\"section\">\n\t\t\t\t\t\t<div class=\"elementor-container elementor-column-gap-default\">\n\t\t\t\t\t<div class=\"elementor-column elementor-col-50 elementor-top-column elementor-element elementor-element-ca9cb04\" data-id=\"ca9cb04\" data-element_type=\"column\" data-e-type=\"column\">\n\t\t\t<div class=\"elementor-widget-wrap elementor-element-populated\">\n\t\t\t\t\t\t<div class=\"elementor-element elementor-element-3ecc5c9 elementor-widget elementor-widget-image\" data-id=\"3ecc5c9\" data-element_type=\"widget\" data-e-type=\"widget\" data-widget_type=\"image.default\">\n\t\t\t\t<div class=\"elementor-widget-container\">\n\t\t\t\t\t\t\t\t\t\t\t\t\t\t\t\t<a href=\"https:\/\/www.reprobarcelona.com\/ca\/contacte-reprobarcelona-2\/\">\n\t\t\t\t\t\t\t<img decoding=\"async\" width=\"800\" height=\"533\" src=\"https:\/\/www.reprobarcelona.com\/wp-content\/uploads\/2024\/06\/reprobarcelona-junio-blog-2.jpg\" class=\"attachment-large size-large wp-image-3642\" alt=\"Reformar terrasses a Barcelona\" srcset=\"https:\/\/www.reprobarcelona.com\/wp-content\/uploads\/2024\/06\/reprobarcelona-junio-blog-2.jpg 913w, https:\/\/www.reprobarcelona.com\/wp-content\/uploads\/2024\/06\/reprobarcelona-junio-blog-2-300x200.jpg 300w, https:\/\/www.reprobarcelona.com\/wp-content\/uploads\/2024\/06\/reprobarcelona-junio-blog-2-768x511.jpg 768w\" sizes=\"(max-width: 800px) 100vw, 800px\" \/>\t\t\t\t\t\t\t\t<\/a>\n\t\t\t\t\t\t\t\t\t\t\t\t\t\t\t<\/div>\n\t\t\t\t<\/div>\n\t\t\t\t\t<\/div>\n\t\t<\/div>\n\t\t\t\t<div class=\"elementor-column elementor-col-50 elementor-top-column elementor-element elementor-element-b0a88b7\" data-id=\"b0a88b7\" data-element_type=\"column\" data-e-type=\"column\">\n\t\t\t<div class=\"elementor-widget-wrap elementor-element-populated\">\n\t\t\t\t\t\t<div class=\"elementor-element elementor-element-471748d elementor-widget elementor-widget-image\" data-id=\"471748d\" data-element_type=\"widget\" data-e-type=\"widget\" data-widget_type=\"image.default\">\n\t\t\t\t<div class=\"elementor-widget-container\">\n\t\t\t\t\t\t\t\t\t\t\t\t\t\t\t\t<a href=\"https:\/\/www.reprobarcelona.com\/ca\/contacte-reprobarcelona-2\/\">\n\t\t\t\t\t\t\t<img decoding=\"async\" width=\"800\" height=\"533\" src=\"https:\/\/www.reprobarcelona.com\/wp-content\/uploads\/2024\/05\/Diseno-sin-titulo-18.jpg\" class=\"attachment-large size-large wp-image-3548\" alt=\"reforma parcial o integral\" srcset=\"https:\/\/www.reprobarcelona.com\/wp-content\/uploads\/2024\/05\/Diseno-sin-titulo-18.jpg 1013w, https:\/\/www.reprobarcelona.com\/wp-content\/uploads\/2024\/05\/Diseno-sin-titulo-18-300x200.jpg 300w, https:\/\/www.reprobarcelona.com\/wp-content\/uploads\/2024\/05\/Diseno-sin-titulo-18-768x512.jpg 768w\" sizes=\"(max-width: 800px) 100vw, 800px\" \/>\t\t\t\t\t\t\t\t<\/a>\n\t\t\t\t\t\t\t\t\t\t\t\t\t\t\t<\/div>\n\t\t\t\t<\/div>\n\t\t\t\t\t<\/div>\n\t\t<\/div>\n\t\t\t\t\t<\/div>\n\t\t<\/section>\n\t\t\t\t<section class=\"elementor-section elementor-top-section elementor-element elementor-element-94ca17e elementor-section-boxed elementor-section-height-default elementor-section-height-default\" data-id=\"94ca17e\" data-element_type=\"section\" data-e-type=\"section\">\n\t\t\t\t\t\t<div class=\"elementor-container elementor-column-gap-default\">\n\t\t\t\t\t<div class=\"elementor-column elementor-col-33 elementor-top-column elementor-element elementor-element-664abe5\" data-id=\"664abe5\" data-element_type=\"column\" data-e-type=\"column\">\n\t\t\t<div class=\"elementor-widget-wrap elementor-element-populated\">\n\t\t\t\t\t\t<div class=\"elementor-element elementor-element-ae58cab elementor-widget elementor-widget-image\" data-id=\"ae58cab\" data-element_type=\"widget\" data-e-type=\"widget\" data-widget_type=\"image.default\">\n\t\t\t\t<div class=\"elementor-widget-container\">\n\t\t\t\t\t\t\t\t\t\t\t\t\t\t\t\t<a href=\"https:\/\/consum.gencat.cat\/\" target=\"_blank\" rel=\"noopener\">\n\t\t\t\t\t\t\t<img loading=\"lazy\" decoding=\"async\" width=\"409\" height=\"123\" src=\"https:\/\/www.reprobarcelona.com\/wp-content\/uploads\/2023\/06\/junta-arbitral-de-consum.jpg\" class=\"attachment-large size-large wp-image-3227\" alt=\"JUNTA ARBRITRAL DE CONSUM\" srcset=\"https:\/\/www.reprobarcelona.com\/wp-content\/uploads\/2023\/06\/junta-arbitral-de-consum.jpg 409w, https:\/\/www.reprobarcelona.com\/wp-content\/uploads\/2023\/06\/junta-arbitral-de-consum-300x90.jpg 300w\" sizes=\"(max-width: 409px) 100vw, 409px\" \/>\t\t\t\t\t\t\t\t<\/a>\n\t\t\t\t\t\t\t\t\t\t\t\t\t\t\t<\/div>\n\t\t\t\t<\/div>\n\t\t\t\t\t<\/div>\n\t\t<\/div>\n\t\t\t\t<div class=\"elementor-column elementor-col-33 elementor-top-column elementor-element elementor-element-3e9987e\" data-id=\"3e9987e\" data-element_type=\"column\" data-e-type=\"column\">\n\t\t\t<div class=\"elementor-widget-wrap elementor-element-populated\">\n\t\t\t\t\t\t<div class=\"elementor-element elementor-element-b839b65 elementor-widget elementor-widget-image\" data-id=\"b839b65\" data-element_type=\"widget\" data-e-type=\"widget\" data-widget_type=\"image.default\">\n\t\t\t\t<div class=\"elementor-widget-container\">\n\t\t\t\t\t\t\t\t\t\t\t\t\t\t\t\t<a href=\"https:\/\/gestiondelamianto.com\/rera\/\" target=\"_blank\" rel=\"noopener\">\n\t\t\t\t\t\t\t<img loading=\"lazy\" decoding=\"async\" width=\"253\" height=\"123\" src=\"https:\/\/www.reprobarcelona.com\/wp-content\/uploads\/2023\/06\/RERA.jpg\" class=\"attachment-large size-large wp-image-3226\" alt=\"RERA\" \/>\t\t\t\t\t\t\t\t<\/a>\n\t\t\t\t\t\t\t\t\t\t\t\t\t\t\t<\/div>\n\t\t\t\t<\/div>\n\t\t\t\t\t<\/div>\n\t\t<\/div>\n\t\t\t\t<div class=\"elementor-column elementor-col-33 elementor-top-column elementor-element elementor-element-faf090f\" data-id=\"faf090f\" data-element_type=\"column\" data-e-type=\"column\">\n\t\t\t<div class=\"elementor-widget-wrap elementor-element-populated\">\n\t\t\t\t\t\t<div class=\"elementor-element elementor-element-711a786 elementor-widget elementor-widget-image\" data-id=\"711a786\" data-element_type=\"widget\" data-e-type=\"widget\" data-widget_type=\"image.default\">\n\t\t\t\t<div class=\"elementor-widget-container\">\n\t\t\t\t\t\t\t\t\t\t\t\t\t\t\t\t<a href=\"https:\/\/www.tuv.com\/spain\/es\/\" target=\"_blank\" rel=\"noopener\">\n\t\t\t\t\t\t\t<img loading=\"lazy\" decoding=\"async\" width=\"347\" height=\"123\" src=\"https:\/\/www.reprobarcelona.com\/wp-content\/uploads\/2023\/06\/tuv.jpg\" class=\"attachment-large size-large wp-image-3225\" alt=\"TUV\" srcset=\"https:\/\/www.reprobarcelona.com\/wp-content\/uploads\/2023\/06\/tuv.jpg 347w, https:\/\/www.reprobarcelona.com\/wp-content\/uploads\/2023\/06\/tuv-300x106.jpg 300w\" sizes=\"(max-width: 347px) 100vw, 347px\" \/>\t\t\t\t\t\t\t\t<\/a>\n\t\t\t\t\t\t\t\t\t\t\t\t\t\t\t<\/div>\n\t\t\t\t<\/div>\n\t\t\t\t\t<\/div>\n\t\t<\/div>\n\t\t\t\t\t<\/div>\n\t\t<\/section>\n\t\t\t\t<\/div>","protected":false},"excerpt":{"rendered":"<p>Taula de continguts Com Reformar Espais Exteriors: Terrasses i Jardins a Barcelona Reformar espais exteriors com ara terrasses i jardins pot transformar la teva llar en un oasi de luxe i relaxaci\u00f3. En aquest article, us proporcionem una guia completa sobre com reformar terrasses a Barcelona, combinant funcionalitat i est\u00e8tica per crear un espai exterior perfecte. Amb [\u2026 ]<\/p>","protected":false},"author":1,"featured_media":3642,"comment_status":"closed","ping_status":"open","sticky":false,"template":"","format":"standard","meta":{"footnotes":""},"categories":[17],"tags":[],"class_list":["post-3638","post","type-post","status-publish","format-standard","has-post-thumbnail","hentry","category-sin-categoria-es"],"_links":{"self":[{"href":"https:\/\/www.reprobarcelona.com\/ca\/wp-json\/wp\/v2\/posts\/3638","targetHints":{"allow":["GET"]}}],"collection":[{"href":"https:\/\/www.reprobarcelona.com\/ca\/wp-json\/wp\/v2\/posts"}],"about":[{"href":"https:\/\/www.reprobarcelona.com\/ca\/wp-json\/wp\/v2\/types\/post"}],"author":[{"embeddable":true,"href":"https:\/\/www.reprobarcelona.com\/ca\/wp-json\/wp\/v2\/users\/1"}],"replies":[{"embeddable":true,"href":"https:\/\/www.reprobarcelona.com\/ca\/wp-json\/wp\/v2\/comments?post=3638"}],"version-history":[{"count":0,"href":"https:\/\/www.reprobarcelona.com\/ca\/wp-json\/wp\/v2\/posts\/3638\/revisions"}],"wp:featuredmedia":[{"embeddable":true,"href":"https:\/\/www.reprobarcelona.com\/ca\/wp-json\/wp\/v2\/media\/3642"}],"wp:attachment":[{"href":"https:\/\/www.reprobarcelona.com\/ca\/wp-json\/wp\/v2\/media?parent=3638"}],"wp:term":[{"taxonomy":"category","embeddable":true,"href":"https:\/\/www.reprobarcelona.com\/ca\/wp-json\/wp\/v2\/categories?post=3638"},{"taxonomy":"post_tag","embeddable":true,"href":"https:\/\/www.reprobarcelona.com\/ca\/wp-json\/wp\/v2\/tags?post=3638"}],"curies":[{"name":"wp","href":"https:\/\/api.w.org\/{rel}","templated":true}]}}